{"id":294316,"date":"2022-11-12T21:33:49","date_gmt":"2022-11-12T19:33:49","guid":{"rendered":"https:\/\/wmmaa.org\/die-rueckkehr-von-joshua-wird-verschoben-der-grund-wird-genannt\/"},"modified":"2022-11-12T21:33:49","modified_gmt":"2022-11-12T19:33:49","slug":"die-rueckkehr-von-joshua-wird-verschoben-der-grund-wird-genannt","status":"publish","type":"post","link":"https:\/\/wmmaa.org\/de\/die-rueckkehr-von-joshua-wird-verschoben-der-grund-wird-genannt\/","title":{"rendered":"Die R\u00fcckkehr von Joshua wird verschoben: Der Grund wird genannt"},"content":{"rendered":"<p><img decoding=\"async\" src=\"https:\/\/wmmaa.org\/wp-content\/uploads\/2022\/11\/ecd075729432df65a21c3a394c05839c.jpg\" alt=\"\"><\/p>\n<div>\n<p> Der fr\u00fchere Schwergewichts-Weltmeister Anthony Joshua (24-3, 22 KOs) war so genervt, dass man sich Anfang Herbst nicht auf einen Megafight gegen Tyson Fury zum Jahresende einigen konnte, dass er alles verga\u00df und seine Ruhezeit verl\u00e4ngerte . Mit anderen Worten, er werde fr\u00fchestens in der zweiten M\u00e4rzh\u00e4lfte in den Ring zur\u00fcckkehren, sagte der Chef von Matchroom Boxing, Eddie Hearn.<\/p>\n<p> \u201eWenn eine Gelegenheit wie die mit Fury vorbeifliegt, ist man, sagen wir mal, ein wenig ver\u00e4rgert. Und jetzt ist es schon November, stellt sich heraus, und du denkst: \u201eNein, ich werde wahrscheinlich nicht im Dezember k\u00e4mpfen.\u201c Dann kommen Weihnachten, die Feiertage und Sie &#8211; &#8222;nein, ich boxe auch nicht im Januar.&#8220; Ehe man sich versieht, ist bereits Februar. Und jetzt wirst du um den M\u00e4rz k\u00e4mpfen\u201c, erkl\u00e4rte AJs Promoter in einem Kommentar.<br \/>\n<a rel=\"nofollow noopener\" target=\"_blank\" href=\"https:\/\/www.youtube.com\/watch?v=fpFa2pWtEXA&amp;t=696s\">IFL-TV<\/a>.<\/p>\n<p> Ihm zufolge chillt Joshua schon lange im Nahen Osten, \u201eer ist im Urlaub\u201c.<\/p>\n<p><b>F\u00fcnf m\u00f6gliche Gegner f\u00fcr Joshua: alle Namen<\/b><\/p>\n<p> \u201eWarum wird er erst im M\u00e4rz k\u00e4mpfen? Nun, ich wollte nur meinen Urlaub um ein paar Wochen verl\u00e4ngern. Nun, wirklich. Aber er ist immer noch konzentriert und hungrig, versichert uns Eddie. \u201eUnser Plan ist, um ehrlich zu sein, Mitte\/Ende M\u00e4rz.\u201c<\/p>\n<p> Die Briten leiden im Allgemeinen. Sagt: &#8222;Ich bin kein Champion und es tut sehr weh.&#8220; Wird US Special Garcia Joshua auf sein Comeback vorbereiten? Britische Antwort.<\/p>\n<p><b><\/p>\n","protected":false},"excerpt":{"rendered":"<p>Der fr\u00fchere Schwergewichts-Weltmeister Anthony Joshua (24-3, 22 KOs) war so genervt, dass man sich Anfang Herbst nicht auf einen Megafight gegen Tyson Fury zum Jahresende einigen konnte, dass er alles verga\u00df und seine Ruhezeit verl\u00e4ngerte . Mit anderen Worten, er werde fr\u00fchestens in der zweiten M\u00e4rzh\u00e4lfte in den Ring zur\u00fcckkehren, sagte der Chef von Matchroom [&hellip;]<\/p>\n","protected":false},"author":1,"featured_media":294299,"comment_status":"","ping_status":"open","sticky":false,"template":"","format":"standard","meta":{"footnotes":""},"categories":[1213],"tags":[],"_links":{"self":[{"href":"https:\/\/wmmaa.org\/de\/wp-json\/wp\/v2\/posts\/294316"}],"collection":[{"href":"https:\/\/wmmaa.org\/de\/wp-json\/wp\/v2\/posts"}],"about":[{"href":"https:\/\/wmmaa.org\/de\/wp-json\/wp\/v2\/types\/post"}],"author":[{"embeddable":true,"href":"https:\/\/wmmaa.org\/de\/wp-json\/wp\/v2\/users\/1"}],"replies":[{"embeddable":true,"href":"https:\/\/wmmaa.org\/de\/wp-json\/wp\/v2\/comments?post=294316"}],"version-history":[{"count":0,"href":"https:\/\/wmmaa.org\/de\/wp-json\/wp\/v2\/posts\/294316\/revisions"}],"wp:featuredmedia":[{"embeddable":true,"href":"https:\/\/wmmaa.org\/de\/wp-json\/wp\/v2\/media\/294299"}],"wp:attachment":[{"href":"https:\/\/wmmaa.org\/de\/wp-json\/wp\/v2\/media?parent=294316"}],"wp:term":[{"taxonomy":"category","embeddable":true,"href":"https:\/\/wmmaa.org\/de\/wp-json\/wp\/v2\/categories?post=294316"},{"taxonomy":"post_tag","embeddable":true,"href":"https:\/\/wmmaa.org\/de\/wp-json\/wp\/v2\/tags?post=294316"}],"curies":[{"name":"wp","href":"https:\/\/api.w.org\/{rel}","templated":true}]}}