{"id":291652,"date":"2022-11-09T01:05:43","date_gmt":"2022-11-08T23:05:43","guid":{"rendered":"https:\/\/wmmaa.org\/aline-pereira-wirbt-fur-ihr-mma-debut-6-tage-nachdem-bruder-alex-pereira-israel-adesanya-bei-ufc-281-einschlafern-lies\/"},"modified":"2022-11-09T01:05:43","modified_gmt":"2022-11-08T23:05:43","slug":"aline-pereira-wirbt-fur-ihr-mma-debut-6-tage-nachdem-bruder-alex-pereira-israel-adesanya-bei-ufc-281-einschlafern-lies","status":"publish","type":"post","link":"https:\/\/wmmaa.org\/de\/aline-pereira-wirbt-fur-ihr-mma-debut-6-tage-nachdem-bruder-alex-pereira-israel-adesanya-bei-ufc-281-einschlafern-lies\/","title":{"rendered":"Aline Pereira wirbt f\u00fcr ihr MMA-Deb\u00fct 6 Tage, nachdem Bruder Alex Pereira Israel Adesanya bei UFC 281 \u201eeinschl\u00e4fern\u201c lie\u00df"},"content":{"rendered":"<p>Alex Pereira wird am Samstag Israel Adesanya um den UFC-G\u00fcrtel herausfordern und plant, mit Familie und Freunden zu feiern, wenn er bei UFC 281 gewinnt. Er wird jedoch unmittelbar danach wieder in den Kampfmodus zur\u00fcckkehren, wenn er mit Schwester Aline Pereira nach Sloan, Iowa, reist. f\u00fcr ihr MMA-Deb\u00fct sechs Tage sp\u00e4ter bei LFA 147. <\/p>\n<p>\u201eIch bin von Anfang an in die Fu\u00dfstapfen meines Bruders getreten\u201c, sagte Aline Pereira gegen\u00fcber MMA Fighting. &#8222;ICH [sign with] Bei jeder Bef\u00f6rderung, f\u00fcr die er k\u00e4mpft, gehe ich ihm \u00fcberall nach, wo er hingeht [the transition to MMA] geschah nat\u00fcrlich. Er ging zum MMA.&#8220;<\/p>\n<p>also wusste ich, dass ich ihm folgen w\u00fcrde.<\/p>\n<p>Der 32-j\u00e4hrige St\u00fcrmer betrat zuletzt im Januar 2021 den GLORY-Ring und verlor eine Entscheidung gegen Tiffany van Soest um den Titel im Super-Bantamgewicht. Kurz nach ihrem Umzug nach Danbury begann sie mit dem MMA-Training und zog mit ihrem Bruder Glover Teixeira nach Danbury. <\/p>\n<p>\u201eIch konzentriere mich gerade auf MMA, weil es unm\u00f6glich ist, sowohl Kickboxen als auch MMA zu k\u00e4mpfen\u201c, sagte sie. &#8222;Du musst dich nur auf einen von ihnen konzentrieren, um dein Ziel zu erreichen.&#8220;<\/p>\n<div class=\"c-float-left\">\n<figure class=\"e-image\"><span class=\"e-image__inner\"><\/p>\n<p> <span class=\"e-image__image \" data-original=\"https:\/\/cdn.vox-cdn.com\/uploads\/chorus_asset\/file\/24168107\/Glory71FN02017.jpg\"><\/p>\n<p><img decoding=\"async\" alt=\"\" data-upload-width=\"2000\" src=\"https:\/\/wmmaa.org\/wp-content\/uploads\/2022\/11\/Glory71FN02017.jpg\"><\/span><\/p>\n<p> <\/span><\/p>\n<p> <span class=\"e-image__meta\"><figcaption>Aline Pereira<\/figcaption><cite>Foto \u00fcber GLORY<\/cite><\/p>\n<p> <\/span><\/p>\n<\/figure>\n<\/div>\n<p>Der komplizierteste Teil des \u00dcbergangs vom Kickboxen zu einem Regelsatz, der mehrere Kampfk\u00fcnste kombiniert, war der Umgang mit Grappling, sagte Pereira, aber die Arbeit mit Gr\u00f6\u00dfen wie Teixeira und \u201ePoatan\u201c hat sie bereit gemacht, sich der TUF 30-Absolventin Helen Peralta zu stellen. Peralta h\u00e4lt einen MMA-Rekord von 5-3, nachdem sie in ihrem letzten Kampf bei Invicta FC 49 eine Entscheidung gegen Poliana Botelho verloren hat. <\/p>\n<p>\u201eIch habe ein oder zwei ihrer K\u00e4mpfe gesehen, aber ich schaue nicht zu [tape] zu viel\u201c, sagte Pereira. \u201eIch achte mehr darauf, wie sie k\u00e4mpfen, wenn sie zu verzweifelt sind. Sie umarmt viel, aber ich habe noch nie gesehen, wie sie jemanden zu Boden gebracht hat. Obwohl sie auff\u00e4lliger ist, glaube ich, dass sie zum Wrestling kommen wird.&#8220;<\/p>\n<p>.<\/p>\n<p>Pereira wird voraussichtlich in New York City sein, um zu sehen, wie ihr Bruder gegen Adesanya antritt. Sie prognostiziert, dass im November zwei Siege f\u00fcr ihre Familie kommen werden. <\/p>\n<p>\u201eMein Bruder gewinnt den G\u00fcrtel und dann k\u00e4mpfe ich [at LFA],\u201c sagte Pereira. \u201eIch werde als Sieger hervorgehen und wir werden alle zusammen feiern. <\/p>\n<p>\u201eIch denke, es wird ein weiterer Knockout\u201c, sagte sie dar\u00fcber, wie \u201ePoatan\u201c es bei UFC 281 gegen \u201eThe Last Stylebender\u201c schafft. Er wird ins Bett gehen. Und ich sage Ihnen das, es wird in der zweiten Runde sein, wieder mit der linken Hand.&#8220;<\/p>\n<p>Quelle: https:\/\/www.mmafighting.com\/2022\/11\/8\/23440349\/aline-pereira-mma-debut-brother-alex-pereira-israel-adesanya-sleep-ufc-281-lfa?rand=96749<\/p>\n","protected":false},"excerpt":{"rendered":"<p>Alex Pereira wird am Samstag Israel Adesanya um den UFC-G\u00fcrtel herausfordern und plant, mit Familie und Freunden zu feiern, wenn er bei UFC 281 gewinnt. Er wird jedoch unmittelbar danach wieder in den Kampfmodus zur\u00fcckkehren, wenn er mit Schwester Aline Pereira nach Sloan, Iowa, reist. f\u00fcr ihr MMA-Deb\u00fct sechs Tage sp\u00e4ter bei LFA 147. \u201eIch [&hellip;]<\/p>\n","protected":false},"author":1,"featured_media":291639,"comment_status":"","ping_status":"open","sticky":false,"template":"","format":"standard","meta":{"footnotes":""},"categories":[1213],"tags":[],"_links":{"self":[{"href":"https:\/\/wmmaa.org\/de\/wp-json\/wp\/v2\/posts\/291652"}],"collection":[{"href":"https:\/\/wmmaa.org\/de\/wp-json\/wp\/v2\/posts"}],"about":[{"href":"https:\/\/wmmaa.org\/de\/wp-json\/wp\/v2\/types\/post"}],"author":[{"embeddable":true,"href":"https:\/\/wmmaa.org\/de\/wp-json\/wp\/v2\/users\/1"}],"replies":[{"embeddable":true,"href":"https:\/\/wmmaa.org\/de\/wp-json\/wp\/v2\/comments?post=291652"}],"version-history":[{"count":0,"href":"https:\/\/wmmaa.org\/de\/wp-json\/wp\/v2\/posts\/291652\/revisions"}],"wp:featuredmedia":[{"embeddable":true,"href":"https:\/\/wmmaa.org\/de\/wp-json\/wp\/v2\/media\/291639"}],"wp:attachment":[{"href":"https:\/\/wmmaa.org\/de\/wp-json\/wp\/v2\/media?parent=291652"}],"wp:term":[{"taxonomy":"category","embeddable":true,"href":"https:\/\/wmmaa.org\/de\/wp-json\/wp\/v2\/categories?post=291652"},{"taxonomy":"post_tag","embeddable":true,"href":"https:\/\/wmmaa.org\/de\/wp-json\/wp\/v2\/tags?post=291652"}],"curies":[{"name":"wp","href":"https:\/\/api.w.org\/{rel}","templated":true}]}}