{"id":290610,"date":"2022-11-07T16:27:37","date_gmt":"2022-11-07T14:27:37","guid":{"rendered":"https:\/\/wmmaa.org\/the-mma-hour-mit-israel-adesanya-dan-hooker-eugene-bareman-brad-riddell-und-carlos-ulberg-im-studio\/"},"modified":"2022-11-07T16:27:37","modified_gmt":"2022-11-07T14:27:37","slug":"the-mma-hour-mit-israel-adesanya-dan-hooker-eugene-bareman-brad-riddell-und-carlos-ulberg-im-studio","status":"publish","type":"post","link":"https:\/\/wmmaa.org\/de\/the-mma-hour-mit-israel-adesanya-dan-hooker-eugene-bareman-brad-riddell-und-carlos-ulberg-im-studio\/","title":{"rendered":"The MMA Hour mit Israel Adesanya, Dan Hooker, Eugene Bareman, Brad Riddell und Carlos Ulberg im Studio"},"content":{"rendered":"<p>Die Mixed Martial Arts Hour ist zur\u00fcck in Ihrem Leben! Nachfolgend finden Sie einen \u00dcberblick \u00fcber die Montagsshow, die um 13:00 Uhr ET \/ 10:00 Uhr PT \/ 18:00 Uhr britischer Zeit beginnt.<\/p>\n<p>13.00 Uhr ET \u2013 Ich werde auf das vergangene Wochenende im Kampfsport zur\u00fcckblicken.<\/p>\n<p>13:15 Uhr \u2013 Eugene Bareman, der Cheftrainer und Gr\u00fcnder von City Kickboxing, wird eine Vorschau auf die gro\u00dfen K\u00e4mpfe seines Teams bei UFC 281 geben.<\/p>\n<p>13:45 Uhr \u2013 Carlos Ulberg, der eine Siegesserie in zwei K\u00e4mpfen hinter sich hat, wird \u00fcber seinen bevorstehenden Kampf bei UFC 281 gegen Nicolae Negumereanu sprechen.<\/p>\n<p>14:15 Uhr \u2013 Brad Riddell wird \u00fcber seinen letzten Zweikampf-Ausrutscher und seinen gro\u00dfen Vorkampf gegen Renato Moicano bei UFC 281 nachdenken.<\/p>\n<p>14:45 Uhr \u2013 Dan Hooker wird seinen gro\u00dfen Leichtgewichtskampf gegen Claudio Puelles zum Auftakt der UFC 281-Hauptkarte besprechen.<\/p>\n<p>15:15 Uhr \u2013 UFC-Mittelgewichts-Champion Israel Adesanya wird \u00fcber seine sechste Titelverteidigung gegen den Rivalen Alex Pereira im UFC 281-Main Event nachdenken.<\/p>\n<p>Abonnieren Sie die neuesten Folgen von The MMA Hour <a rel=\"nofollow noopener\" target=\"_blank\" href=\"https:\/\/open.spotify.com\/show\/0NUQhyUeYQcbtHOV10qmbb\">Spotify<\/a> oder <a rel=\"nofollow noopener\" target=\"_blank\" href=\"https:\/\/podcasts.apple.com\/us\/podcast\/the-mma-hour-with-ariel-helwani\/id1573260189\">Itunes<\/a>.<\/p>\n<p>Quelle: https:\/\/www.mmafighting.com\/2022\/11\/7\/23444158\/the-mma-hour-with-israel-adesanya-dan-hooker-eugene-bareman-brad-riddell-and-carlos-ulberg? rand=96749<\/p>\n","protected":false},"excerpt":{"rendered":"<p>Die Mixed Martial Arts Hour ist zur\u00fcck in Ihrem Leben! Nachfolgend finden Sie einen \u00dcberblick \u00fcber die Montagsshow, die um 13:00 Uhr ET \/ 10:00 Uhr PT \/ 18:00 Uhr britischer Zeit beginnt. 13.00 Uhr ET \u2013 Ich werde auf das vergangene Wochenende im Kampfsport zur\u00fcckblicken. 13:15 Uhr \u2013 Eugene Bareman, der Cheftrainer und Gr\u00fcnder [&hellip;]<\/p>\n","protected":false},"author":1,"featured_media":290571,"comment_status":"","ping_status":"open","sticky":false,"template":"","format":"standard","meta":{"footnotes":""},"categories":[1213],"tags":[],"_links":{"self":[{"href":"https:\/\/wmmaa.org\/de\/wp-json\/wp\/v2\/posts\/290610"}],"collection":[{"href":"https:\/\/wmmaa.org\/de\/wp-json\/wp\/v2\/posts"}],"about":[{"href":"https:\/\/wmmaa.org\/de\/wp-json\/wp\/v2\/types\/post"}],"author":[{"embeddable":true,"href":"https:\/\/wmmaa.org\/de\/wp-json\/wp\/v2\/users\/1"}],"replies":[{"embeddable":true,"href":"https:\/\/wmmaa.org\/de\/wp-json\/wp\/v2\/comments?post=290610"}],"version-history":[{"count":0,"href":"https:\/\/wmmaa.org\/de\/wp-json\/wp\/v2\/posts\/290610\/revisions"}],"wp:featuredmedia":[{"embeddable":true,"href":"https:\/\/wmmaa.org\/de\/wp-json\/wp\/v2\/media\/290571"}],"wp:attachment":[{"href":"https:\/\/wmmaa.org\/de\/wp-json\/wp\/v2\/media?parent=290610"}],"wp:term":[{"taxonomy":"category","embeddable":true,"href":"https:\/\/wmmaa.org\/de\/wp-json\/wp\/v2\/categories?post=290610"},{"taxonomy":"post_tag","embeddable":true,"href":"https:\/\/wmmaa.org\/de\/wp-json\/wp\/v2\/tags?post=290610"}],"curies":[{"name":"wp","href":"https:\/\/api.w.org\/{rel}","templated":true}]}}