{"id":288857,"date":"2022-11-06T00:18:18","date_gmt":"2022-11-05T22:18:18","guid":{"rendered":"https:\/\/wmmaa.org\/josh-parisian-wurde-aufgrund-eines-medizinischen-notfalls-aus-seinem-kampf-mit-chase-sherman-bei-ufc-vegas-64-gezwungen\/"},"modified":"2022-11-06T00:18:18","modified_gmt":"2022-11-05T22:18:18","slug":"josh-parisian-wurde-aufgrund-eines-medizinischen-notfalls-aus-seinem-kampf-mit-chase-sherman-bei-ufc-vegas-64-gezwungen","status":"publish","type":"post","link":"https:\/\/wmmaa.org\/de\/josh-parisian-wurde-aufgrund-eines-medizinischen-notfalls-aus-seinem-kampf-mit-chase-sherman-bei-ufc-vegas-64-gezwungen\/","title":{"rendered":"Josh Parisian wurde aufgrund eines medizinischen Notfalls aus seinem Kampf mit Chase Sherman bei UFC Vegas 64 gezwungen"},"content":{"rendered":"<p>Josh Parisian wurde aus seinem Kampf gegen Chase Sherman bei UFC Vegas 64 gezwungen. <\/p>\n<p>Der erfahrene Schwergewichtler gab \u00fcber seinen Instagram-Account bekannt, dass sein Managementteam MMA Fighting auch best\u00e4tigte, dass er am Samstagabend nicht antreten kann. <\/p>\n<p>\u201eEiner der schwierigsten Tage in meinem Leben\u201c, sagte Parisian. \u201eLeider werde ich heute Abend nicht k\u00e4mpfen. Ich bin heute Morgen um 1:07 Uhr aufgewacht, mein Herz raste aus meiner Brust und ich war schwei\u00dfgebadet. Ich versuchte, mich in den n\u00e4chsten zwei Stunden zu entspannen, aber ich [was] Schmerzen in der Brust ein- und ausgehen, kalter Schwei\u00df, \u00dcbelkeit und Benommenheit. Ich beschloss, gegen 3 Uhr morgens in die Notaufnahme zu gehen und war dort bis 8:30 Uhr. Meine Brustschmerzen und \u00dcbelkeit konnten durch die Notaufnahme gelindert werden, aber mein Herzklopfen verschlechterte sich. <\/p>\n<p>\u201eIn \u00fcber 50 K\u00e4mpfen bin ich noch nie aus einem gezogen worden oder gezogen worden. Ich bin verheerend f\u00fcr mich selbst, alle, die mir in diesem Camp geholfen haben, die UFC, die Fans und meinen Gegner. Ich werde meinen Kardiologen aufsuchen, wenn ich nach Hause komme um zu sehen, was mit meinem Herzen los ist, und von dort aus weiterzugehen.&#8220;<\/p>\n<div>\n<blockquote class=\"instagram-media\" data-instgrm-captioned=\"\" data-instgrm-permalink=\"https:\/\/www.instagram.com\/p\/Cklhp8SJAyt\/?utm_source=ig_embed&amp;utm_campaign=loading\" data-instgrm-version=\"14\" style=\"background:#FFF;border:0;border-radius:3px;margin: 1px;max-width:658px;min-width:326px;padding:0;width:99.375%;width:-webkit-calc(100% - 2px);width:calc(100% - 2px)\">\n<div style=\"padding:16px\"> <a rel=\"nofollow noopener\" target=\"_blank\" href=\"https:\/\/www.instagram.com\/p\/Cklhp8SJAyt\/?utm_source=ig_embed&amp;utm_campaign=loading\" style=\"background:#FFFFFF;line-height:0;padding:0 0;text-align:center;text-decoration:none;width:100%\"> <\/p>\n<div style=\"flex-direction: row;align-items: center\">\n<div style=\"background-color: #F4F4F4;border-radius: 50%;flex-grow: 0;height: 40px;margin-right: 14px;width: 40px\"><\/div>\n<div style=\"flex-direction: column;flex-grow: 1;justify-content: center\">\n<div style=\"background-color: #F4F4F4;border-radius: 4px;flex-grow: 0;height: 14px;margin-bottom: 6px;width: 100px\"><\/div>\n<div style=\"background-color: #F4F4F4;border-radius: 4px;flex-grow: 0;height: 14px;width: 60px\"><\/div>\n<\/div>\n<\/div>\n<div style=\"padding: 19% 0\"><\/div>\n<div style=\"height:50px;margin:0 auto 12px;width:50px\"><\/div>\n<div style=\"padding-top: 8px\">\n<div style=\"color:#3897f0;font-family:Arial,sans-serif;font-size:14px;font-style:normal;font-weight:550;line-height:18px\">Sehen Sie sich diesen Beitrag auf Instagram an<\/div>\n<\/div>\n<div style=\"padding: 12.5% 0\"><\/div>\n<div style=\"flex-direction: row;margin-bottom: 14px;align-items: center\">\n<div>\n<div style=\"background-color: #F4F4F4;border-radius: 50%;height: 12.5px;width: 12.5px\"><\/div>\n<div style=\"background-color: #F4F4F4;height: 12.5px;width: 12.5px;flex-grow: 0;margin-right: 14px;margin-left: 2px\"><\/div>\n<div style=\"background-color: #F4F4F4;border-radius: 50%;height: 12.5px;width: 12.5px\"><\/div>\n<\/div>\n<div style=\"margin-left: 8px\">\n<div style=\"background-color: #F4F4F4;border-radius: 50%;flex-grow: 0;height: 20px;width: 20px\"><\/div>\n<div style=\"width: 0;height: 0;border-top: 2px solid transparent;border-left: 6px solid #f4f4f4;border-bottom: 2px solid transparent\"><\/div>\n<\/div>\n<div style=\"margin-left: auto\">\n<div style=\"width: 0px;border-top: 8px solid #F4F4F4;border-right: 8px solid transparent\"><\/div>\n<div style=\"background-color: #F4F4F4;flex-grow: 0;height: 12px;width: 16px\"><\/div>\n<div style=\"width: 0;height: 0;border-top: 8px solid #F4F4F4;border-left: 8px solid transparent\"><\/div>\n<\/div>\n<\/div>\n<div style=\"flex-direction: column;flex-grow: 1;justify-content: center;margin-bottom: 24px\">\n<div style=\"background-color: #F4F4F4;border-radius: 4px;flex-grow: 0;height: 14px;margin-bottom: 6px;width: 224px\"><\/div>\n<div style=\"background-color: #F4F4F4;border-radius: 4px;flex-grow: 0;height: 14px;width: 144px\"><\/div>\n<\/div>\n<p><\/a><\/p>\n<p style=\"color:#c9c8cd;font-family:Arial,sans-serif;font-size:14px;line-height:17px;margin-bottom:0;margin-top:8px;overflow:hidden;padding:8px 0 7px;text-align:center\"><a rel=\"nofollow noopener\" target=\"_blank\" href=\"https:\/\/www.instagram.com\/p\/Cklhp8SJAyt\/?utm_source=ig_embed&amp;utm_campaign=loading\" style=\"color:#c9c8cd;font-family:Arial,sans-serif;font-size:14px;font-style:normal;font-weight:normal;line-height:17px;text-decoration:none\">Ein Beitrag von Josh Parisian (@parisianmma)<\/a><\/p>\n<\/div>\n<\/blockquote>\n<\/div>\n<p>Der Veteran der Ultimate Fighter and Contender Series wollte bei seinem letzten Auftritt in der UFC im Juni auf einem KO-Sieg gegen Alan Baudot aufbauen. <\/p>\n<p>Insgesamt hat Parisian seit seinem Beitritt zum Kader 2: 2 in der UFC gewonnen, aber aufgrund seines medizinischen Notfalls muss er bis zu einem sp\u00e4teren Zeitpunkt warten, um wieder antreten zu k\u00f6nnen. <\/p>\n<p>Mit Parisian aus seinem Kampf mit Sherman wird die UFC Vegas 64-Karte mit insgesamt 11 K\u00e4mpfen vorankommen. Eine neue Kampfreihenfolge muss noch bekannt gegeben werden, da Sherman vs. Parisian urspr\u00fcnglich auf der Hauptkarte stattfinden sollte, die um 19 Uhr ET beginnt. <\/p>\n<p>\n","protected":false},"excerpt":{"rendered":"<p>Josh Parisian wurde aus seinem Kampf gegen Chase Sherman bei UFC Vegas 64 gezwungen. Der erfahrene Schwergewichtler gab \u00fcber seinen Instagram-Account bekannt, dass sein Managementteam MMA Fighting auch best\u00e4tigte, dass er am Samstagabend nicht antreten kann. \u201eEiner der schwierigsten Tage in meinem Leben\u201c, sagte Parisian. \u201eLeider werde ich heute Abend nicht k\u00e4mpfen. Ich bin heute [&hellip;]<\/p>\n","protected":false},"author":1,"featured_media":288518,"comment_status":"","ping_status":"open","sticky":false,"template":"","format":"standard","meta":{"footnotes":""},"categories":[1213],"tags":[],"_links":{"self":[{"href":"https:\/\/wmmaa.org\/de\/wp-json\/wp\/v2\/posts\/288857"}],"collection":[{"href":"https:\/\/wmmaa.org\/de\/wp-json\/wp\/v2\/posts"}],"about":[{"href":"https:\/\/wmmaa.org\/de\/wp-json\/wp\/v2\/types\/post"}],"author":[{"embeddable":true,"href":"https:\/\/wmmaa.org\/de\/wp-json\/wp\/v2\/users\/1"}],"replies":[{"embeddable":true,"href":"https:\/\/wmmaa.org\/de\/wp-json\/wp\/v2\/comments?post=288857"}],"version-history":[{"count":0,"href":"https:\/\/wmmaa.org\/de\/wp-json\/wp\/v2\/posts\/288857\/revisions"}],"wp:featuredmedia":[{"embeddable":true,"href":"https:\/\/wmmaa.org\/de\/wp-json\/wp\/v2\/media\/288518"}],"wp:attachment":[{"href":"https:\/\/wmmaa.org\/de\/wp-json\/wp\/v2\/media?parent=288857"}],"wp:term":[{"taxonomy":"category","embeddable":true,"href":"https:\/\/wmmaa.org\/de\/wp-json\/wp\/v2\/categories?post=288857"},{"taxonomy":"post_tag","embeddable":true,"href":"https:\/\/wmmaa.org\/de\/wp-json\/wp\/v2\/tags?post=288857"}],"curies":[{"name":"wp","href":"https:\/\/api.w.org\/{rel}","templated":true}]}}