{"id":286919,"date":"2022-10-25T22:00:44","date_gmt":"2022-10-25T19:00:44","guid":{"rendered":"https:\/\/wmmaa.org\/jose-aldo-erklaert-warum-kein-gegner-ihn-ueberzeugen-wuerde-den-mma-ruhestand-zu-verschieben\/"},"modified":"2022-10-25T22:00:44","modified_gmt":"2022-10-25T19:00:44","slug":"jose-aldo-erklaert-warum-kein-gegner-ihn-ueberzeugen-wuerde-den-mma-ruhestand-zu-verschieben","status":"publish","type":"post","link":"https:\/\/wmmaa.org\/de\/jose-aldo-erklaert-warum-kein-gegner-ihn-ueberzeugen-wuerde-den-mma-ruhestand-zu-verschieben\/","title":{"rendered":"Jose Aldo erkl\u00e4rt, warum kein Gegner ihn \u00fcberzeugen w\u00fcrde, den MMA-Ruhestand zu verschieben"},"content":{"rendered":"<p>Jose Aldo ist \u201esehr gl\u00fccklich und zufrieden mit allem, was ich in MMA gemacht habe, besonders in der UFC\u201c, und deshalb hat er nach einer Entscheidungsniederlage gegen Merab Dvalishvili im August seine Handschuhe an den Nagel geh\u00e4ngt. <\/p>\n<p>Der ehemalige UFC- und WEC-Champion im Federgewicht, einer der besten, die jemals in diesem Sport angetreten sind, sagte k\u00fcrzlich in einer Folge des MMA Fighting-Podcasts <em>Troca\u00e7ao Franca<\/em> Er wollte immer mit 35 in Rente gehen. <\/p>\n<p>&#8222;Ich war in meinem letzten Titellauf&#8220;, sagte Aldo. Aldo sagte: \u201eIch war hoffnungsvoll, habe hart trainiert, k\u00f6rperlich und technisch mein Bestes gegeben und war entschlossen, Champion zu werden. Aber der Tag [I saw] dass es nicht m\u00f6glich war, Meister zu werden, w\u00fcrde bedeuten, dass ich aufh\u00f6ren m\u00fcsste. Es wurde schon f\u00fcr mich erwartet, &#8218;Dede&#8216; [Andre Pederneiras] und meine Frau. Das wusste ich, wenn der Sieg nicht kam [against Dvalishvili], w\u00fcrde meine Karriere enden. Und so war es.&#8220;<\/p>\n<p>Aldo hatte noch einen Kampf in seinem Vertrag mit der UFC, aber Firmenpr\u00e4sident Dana White erkl\u00e4rte sich bereit, ihm die Erlaubnis zu erteilen, in anderen Sportarten wie dem Boxen anzutreten, wenn er sich in Zukunft daf\u00fcr entscheiden sollte. Der Brasilianer erkl\u00e4rte, warum er ein Angebot abgelehnt hat, ein letztes Mal im Achteck bei UFC 283 anzutreten, das am 21. Januar in Rio de Janeiro, Brasilien, stattfinden soll. <\/p>\n<p>&#8222;Wir hatten diesen letzten Kampf [in the deal] und sie sagten, wir k\u00f6nnten sogar einen leichteren Gegner w\u00e4hlen, sagen wir mal so, aber nein. F\u00fcr mich war es bereits entschieden\u201c, sagte er. Er sagte: \u201eIch bin traurig, dass wir uns von Rio nicht verabschieden konnten. Aber ich wollte es nicht.&#8220; Wenn ich den Vertrag unterschreiben m\u00fcsste, w\u00fcrde ich den rangh\u00f6chsten Mann ausw\u00e4hlen, um zu gehen und zu sehen, ob ich es noch einmal schaffen kann. Ich glaube, ich habe immer noch die F\u00e4higkeit, an der Spitze erfolgreich zu sein Ebenen. Aber nein. Es ist ein trauriger Tag f\u00fcr alle Menschen, die Medien und die Fans. Alle dachten an diesen Kampf in Rio. Aber nicht ich. Das war mein Ziel und ich werde es nicht \u00e4ndern. Ich habe jetzt einen Sohn, Aldo III, also kommt mir die Idee des K\u00e4mpfens nicht in den Sinn.&#8220;<\/p>\n<div>\n<\/div>\n<p>Auf die Frage, ob ihn ein spezieller Gegner vom Gegenteil \u00fcberzeugt h\u00e4tte, erkl\u00e4rte Aldo, dass er sich bereits \u00fcber einen R\u00fccktritt im Jahr 2020 Gedanken gemacht habe. <\/p>\n<p>\u201eF\u00fcr mich wollte ich schon aufh\u00f6ren [before] diesen letzten Lauf&#8220;, sagte Aldo. Nach dem Petr [Yan] Kampf in Abu Dhabi, Aldo sagte, er wolle, dass er ihn beende. Er lie\u00df immer die Zeit verstreichen und dann redeten wir. Ich hatte damals ein gutes Alter, ich konnte noch etwas anderes mit meinem Leben anfangen, als weiter zu k\u00e4mpfen. Wir kamen zur\u00fcck. Damals vollzog ich eine komplette Ver\u00e4nderung in meinem Leben. Ich begann mit dem Boxtraining bei der Navy. Das gab mir einen zus\u00e4tzlichen Schub und half mir, neue Dinge sowie eine Di\u00e4t zu lernen. Von diesem Moment an fing ich an, f\u00fcr andere statt f\u00fcr mich selbst zu k\u00e4mpfen.&#8220;<\/p>\n<p>\u201eIch bin sehr konkurrenzf\u00e4hig und jedes Mal, wenn ich dort reingehe, werde ich immer mein Bestes geben und gewinnen wollen, aber ich war es [fighting] f\u00fcr andere\u201c, erkl\u00e4rte er. \u201eIch kam mit allem, was ich hatte, um Champion zu werden, aber f\u00fcr andere, nicht f\u00fcr mich. Das habe ich vorher schon gesp\u00fcrt, Meister auf h\u00f6chstem Niveau zu werden, aber ohne Namen [would have convinced me].&#8220;<\/p>\n<p>Trotzdem bereut Aldo nicht, seine Karriere nach der Niederlage gegen Yan in Abu Dhabi wieder aufgenommen zu haben. Der Nova-Uniao-Star war zu diesem Zeitpunkt auf einem Dreikampf-Verlierer und gewann vor seinem letzten Kampf gegen Dvalishvili zwei aufeinanderfolgende K\u00e4mpfe gegen Marlon Vera, Pedro Munhoz und Rob Font. <\/p>\n<p>&#8222;Ich bereue nichts davon&#8220;, sagte Aldo. &#8222;Wenn ich es getan habe, habe ich es getan, weil es das Richtige war, was getan werden musste. Es ist nichts, was ich bereue. Es gibt keine Alternative zum Aufwischen von versch\u00fctteter Milch. Alle haben mich oben wiedergesehen, nicht nur ich. Meine Vergangenheit.&#8220; K\u00e4mpfer [after the Yan loss] war das, was die Leute in mir gesehen haben, und sie hatten recht. Ich habe gewonnen, tolle Leistungen gezeigt und alle haben angefangen, \u00fcber mich zu reden. Es war gro\u00dfartig, eine gro\u00dfartige Erfahrung, nicht nur f\u00fcr mich, sondern auch f\u00fcr mein Team, &#8218;Dede&#8216;, meine Familie und alle um uns herum f\u00fcr diese letzten K\u00e4mpfe, die wir hatten.<\/p>\n<p>Das einzige, was er in Bezug auf seine letzten K\u00e4mpfe bedauert, ist, dass Schiedsrichter Jason Herzog als dritter Mann im K\u00e4fig f\u00fcr seinen letzten Auftritt im Achteck bei UFC 278 ist. <\/p>\n<p>&#8222;Ich k\u00f6nnte auf den Titelkampf warten und zuschauen und der n\u00e4chste in der Reihe sein&#8220;, sagte Aldo. \u201eAber ich wei\u00df nicht wann [Aljamain] Sterling wird k\u00e4mpfen wollen. Er k\u00f6nnte verletzt werden, den Kampf verschieben oder abbrechen. Es war nicht etwas, was ich tun wollte. Ich hatte es eilig zu k\u00e4mpfen, und ich war dazu bereit. Das habe ich getan, als ich zum ersten Mal unterschrieben habe, um in der UFC und der WEC zu k\u00e4mpfen. Mir war es wichtig, aktiv zu bleiben. Der Kampf hat ein begrenztes Zeitfenster, also musste ich mich beweisen. Wenngleich [Dvalishvili] war nicht jemand, gegen den ich k\u00e4mpfen wollte, es war etwas, das ich tun musste. <\/p>\n<p>\u201eIch bin sehr entt\u00e4uscht von dieser letzten Leistung\u201c, fuhr er fort, \u201eaber auf der anderen Seite hat jeder dieses Bild von mir als Champion, der meine K\u00e4mpfe gewinnt und alles gibt, gegen alle k\u00e4mpft, das tun sie nicht so viel zu diesem Verlust selbst, aber der Kampf, der h\u00e4sslich war. [Dvalishvili] umarmte sie weiter, aber das war nicht Merabs Schuld, es war auch die [fault]. Schiedsrichter. Er ist schrecklich. Das kann ich Ihnen sagen. Es ist immer ein verdammter Kampf, egal wie oft er es pfeift. Dasselbe passierte in Keteln [Vieira\u2019s] Kampf mit Holly Holm. <\/p>\n<p>\u201eZehn Sekunden vergehen und der Typ ber\u00fchrt dich nur mit dem Knie, tut nichts wirklich, bricht sie. Wenn sich dein Zustand nicht verbessert, kannst du die beiden trennen und von vorne anfangen. Als Fan m\u00f6chte ich das K\u00e4mpfen Sie einen Kampf, nicht Leute, die sich umarmen, [and a referee] verteidigen [that] Stil&#8230; Der Schiedsrichter ist mehr schuld als Merab. Merab hat getan, was er sich vorgenommen hatte, aber der Schiedsrichter hat es geschehen lassen.&#8220;<\/p>\n","protected":false},"excerpt":{"rendered":"<p>Jose Aldo ist \u201esehr gl\u00fccklich und zufrieden mit allem, was ich in MMA gemacht habe, besonders in der UFC\u201c, und deshalb hat er nach einer Entscheidungsniederlage gegen Merab Dvalishvili im August seine Handschuhe an den Nagel geh\u00e4ngt. Der ehemalige UFC- und WEC-Champion im Federgewicht, einer der besten, die jemals in diesem Sport angetreten sind, sagte [&hellip;]<\/p>\n","protected":false},"author":1,"featured_media":286858,"comment_status":"","ping_status":"open","sticky":false,"template":"","format":"standard","meta":{"footnotes":""},"categories":[1213],"tags":[],"_links":{"self":[{"href":"https:\/\/wmmaa.org\/de\/wp-json\/wp\/v2\/posts\/286919"}],"collection":[{"href":"https:\/\/wmmaa.org\/de\/wp-json\/wp\/v2\/posts"}],"about":[{"href":"https:\/\/wmmaa.org\/de\/wp-json\/wp\/v2\/types\/post"}],"author":[{"embeddable":true,"href":"https:\/\/wmmaa.org\/de\/wp-json\/wp\/v2\/users\/1"}],"replies":[{"embeddable":true,"href":"https:\/\/wmmaa.org\/de\/wp-json\/wp\/v2\/comments?post=286919"}],"version-history":[{"count":0,"href":"https:\/\/wmmaa.org\/de\/wp-json\/wp\/v2\/posts\/286919\/revisions"}],"wp:featuredmedia":[{"embeddable":true,"href":"https:\/\/wmmaa.org\/de\/wp-json\/wp\/v2\/media\/286858"}],"wp:attachment":[{"href":"https:\/\/wmmaa.org\/de\/wp-json\/wp\/v2\/media?parent=286919"}],"wp:term":[{"taxonomy":"category","embeddable":true,"href":"https:\/\/wmmaa.org\/de\/wp-json\/wp\/v2\/categories?post=286919"},{"taxonomy":"post_tag","embeddable":true,"href":"https:\/\/wmmaa.org\/de\/wp-json\/wp\/v2\/tags?post=286919"}],"curies":[{"name":"wp","href":"https:\/\/api.w.org\/{rel}","templated":true}]}}