{"id":257638,"date":"2022-09-14T19:16:39","date_gmt":"2022-09-14T16:16:39","guid":{"rendered":"https:\/\/wmmaa.org\/andre-pederneiras-rat-jose-aldo-sich-zuruckzuziehen-erwartet-jedoch-dass-der-fruhere-meister-den-vertrag-bei-ufc-283-beendet\/"},"modified":"2022-09-14T19:16:39","modified_gmt":"2022-09-14T16:16:39","slug":"andre-pederneiras-rat-jose-aldo-sich-zuruckzuziehen-erwartet-jedoch-dass-der-fruhere-meister-den-vertrag-bei-ufc-283-beendet","status":"publish","type":"post","link":"https:\/\/wmmaa.org\/de\/andre-pederneiras-rat-jose-aldo-sich-zuruckzuziehen-erwartet-jedoch-dass-der-fruhere-meister-den-vertrag-bei-ufc-283-beendet\/","title":{"rendered":"Andre Pederneiras r\u00e4t Jose Aldo, sich zur\u00fcckzuziehen, erwartet jedoch, dass der fr\u00fchere Meister den Vertrag bei UFC 283 beendet"},"content":{"rendered":"<p>Jose Aldo wird voraussichtlich am 21. Januar zum letzten Mal in das Achteck eintreten, um bei UFC 283 in Rio de Janeiro, Brasilien, anzutreten, sagte sein langj\u00e4hriger Manager und Trainer Andre Pederneiras <a rel=\"nofollow noopener\" target=\"_blank\" href=\"https:\/\/ge.globo.com\/combate\/noticia\/2022\/09\/14\/ufc-dede-sugere-aposentadoria-a-aldo-mas-ainda-ve-chance-de-titulo.ghtml\">Bek\u00e4mpfe<\/a>.<\/p>\n<p>Pederneiras best\u00e4tigte, dass der ehemalige zweifache UFC-Weltmeister im Federgewicht nur noch einen Kampf in seinem Vertrag mit dem Aufstieg hat, und sieht die bevorstehende Karte in Rio de Janeiro als eine gro\u00dfartige Gelegenheit, seine Karriere zu \u201ebeenden\u201c, nachdem er im August eine Entscheidung gegen Merab Dvalishvili verloren hatte .<\/p>\n<p>Pederneiras gibt jedoch zu, dass er Aldo geraten hat, \u201esich schon vor langer Zeit zur\u00fcckzuziehen\u201c, genauer gesagt wegen des zwischenzeitlichen Titelgewinns \u00fcber Frankie Edgar bei UFC 200, als das Unternehmen keinen R\u00fcckkampf mit Conor McGregor buchen wollte.<\/p>\n<p>&#8222;Seit diesem Kampf hat er es nicht mehr gebraucht, geschweige denn jetzt&#8220;, sagte Pederneiras. \u201eIch w\u00fcrde ihm sagen, dass er aufh\u00f6ren soll. Ich denke, Aldo hat schon viel erobert und es wird nicht dieser letzte Kampf sein [against Dvalishvili] das wird ihm sein Verm\u00e4chtnis im Sport nehmen.\u201c<\/p>\n<p>Pederneiras sagte, er werde mit Aldo seine Pl\u00e4ne f\u00fcr die Zukunft besprechen und die UFC am 24. September in Las Vegas treffen, um zu verstehen, was das Unternehmen f\u00fcr den Brasilianer geplant hat. Der Anf\u00fchrer von Nova Uni\u00e3o sagte, er mag die Idee, als n\u00e4chstes gegen Dominick Cruz anzutreten, glaubt aber nicht, dass der UFC- und WEC-Legende einem Kampf in Brasilien zustimmen w\u00fcrde.<\/p>\n<p>Obwohl er der Meinung ist, dass Aldo jetzt in den Ruhestand gehen sollte, stimmt Pederneiras zu, dass ein Weggang ohne Abschluss seines Vertrags dazu f\u00fchren w\u00fcrde, dass er an einen Vertrag gebunden w\u00e4re und nicht mehr in der Lage w\u00e4re, in Zukunft an anderen Sportarten wie Profiboxen und Muay teilzunehmen, wenn er dies w\u00fcnscht Thail\u00e4ndisch.<\/p>\n<p>\u201eIch habe viele in den Ruhestand gehen sehen und m\u00f6chte Jahre sp\u00e4ter k\u00e4mpfen\u201c, sagte Pederneiras. \u201eDie meisten sind so. Thales [Leites] verlie\u00df die UFC, k\u00e4mpfte seinen letzten Kampf gegen Hector Lombard, [and said] &#8218;Bruder, ich will diesen Schei\u00df nicht mehr&#8216;. Zwei, drei Jahre sind vergangen, und jetzt ruft er mich an, um ihm einen Kampf zu verschaffen. Ich habe das mein ganzes Leben lang gesehen. Und es wird mit ihm passieren.\u201c<\/p>\n","protected":false},"excerpt":{"rendered":"<p>Jose Aldo wird voraussichtlich am 21. Januar zum letzten Mal in das Achteck eintreten, um bei UFC 283 in Rio de Janeiro, Brasilien, anzutreten, sagte sein langj\u00e4hriger Manager und Trainer Andre Pederneiras Bek\u00e4mpfe. Pederneiras best\u00e4tigte, dass der ehemalige zweifache UFC-Weltmeister im Federgewicht nur noch einen Kampf in seinem Vertrag mit dem Aufstieg hat, und sieht [&hellip;]<\/p>\n","protected":false},"author":1,"featured_media":257623,"comment_status":"","ping_status":"open","sticky":false,"template":"","format":"standard","meta":{"footnotes":""},"categories":[1213],"tags":[],"_links":{"self":[{"href":"https:\/\/wmmaa.org\/de\/wp-json\/wp\/v2\/posts\/257638"}],"collection":[{"href":"https:\/\/wmmaa.org\/de\/wp-json\/wp\/v2\/posts"}],"about":[{"href":"https:\/\/wmmaa.org\/de\/wp-json\/wp\/v2\/types\/post"}],"author":[{"embeddable":true,"href":"https:\/\/wmmaa.org\/de\/wp-json\/wp\/v2\/users\/1"}],"replies":[{"embeddable":true,"href":"https:\/\/wmmaa.org\/de\/wp-json\/wp\/v2\/comments?post=257638"}],"version-history":[{"count":0,"href":"https:\/\/wmmaa.org\/de\/wp-json\/wp\/v2\/posts\/257638\/revisions"}],"wp:featuredmedia":[{"embeddable":true,"href":"https:\/\/wmmaa.org\/de\/wp-json\/wp\/v2\/media\/257623"}],"wp:attachment":[{"href":"https:\/\/wmmaa.org\/de\/wp-json\/wp\/v2\/media?parent=257638"}],"wp:term":[{"taxonomy":"category","embeddable":true,"href":"https:\/\/wmmaa.org\/de\/wp-json\/wp\/v2\/categories?post=257638"},{"taxonomy":"post_tag","embeddable":true,"href":"https:\/\/wmmaa.org\/de\/wp-json\/wp\/v2\/tags?post=257638"}],"curies":[{"name":"wp","href":"https:\/\/api.w.org\/{rel}","templated":true}]}}