{"id":253685,"date":"2022-09-09T18:57:40","date_gmt":"2022-09-09T15:57:40","guid":{"rendered":"https:\/\/wmmaa.org\/mist-of-a-morning-hat-das-presser-chaos-von-ufc-279-ihre-meinung-zu-khamzat-chimaev-vs-nate-diaz-geandert\/"},"modified":"2022-09-09T18:57:40","modified_gmt":"2022-09-09T15:57:40","slug":"mist-of-a-morning-hat-das-presser-chaos-von-ufc-279-ihre-meinung-zu-khamzat-chimaev-vs-nate-diaz-geandert","status":"publish","type":"post","link":"https:\/\/wmmaa.org\/de\/mist-of-a-morning-hat-das-presser-chaos-von-ufc-279-ihre-meinung-zu-khamzat-chimaev-vs-nate-diaz-geandert\/","title":{"rendered":"Mist of a Morning: Hat das Presser-Chaos von UFC 279 Ihre Meinung zu Khamzat Chimaev vs. Nate Diaz ge\u00e4ndert?"},"content":{"rendered":"<p>Wie jeder in der MMA-Community inzwischen wahrscheinlich wei\u00df, wurde die UFC 279-Pressekonferenz am Donnerstag abrupt abgesagt, nachdem hinter den Kulissen in Las Vegas Chaos ausgebrochen war. Khamzat Chimaev, Nate Diaz und Kevin Holland waren angeblich alle beteiligt. Aber \u00e4ndert dies Ihre Sicht auf den Hauptkampf zwischen Chimaev und Diaz am Samstag? <\/p>\n<p>In einem brandneuen Heck of a Morning antwortet Mike Heck von MMA Fighting auf die Frage, ob Chimaev vielleicht etwas zu emotional auf dem Weg zum UFC 279-Headliner ist oder nicht, und ob Diaz in der Lage sein wird, daraus Kapital zu schlagen. Zu den Fragen der Zuh\u00f6rer geh\u00f6ren au\u00dferdem Hollands Zukunft und die Eins\u00e4tze im Weltergewicht um den Sieger seines Kampfes mit Daniel Rodriguez, Reaktionen auf die angeblichen Auseinandersetzungen hinter der B\u00fchne, wem Chimaev \u2013 entweder mit 170 oder 185 \u2013 als n\u00e4chstes mit einem Sieg gegen\u00fcberstehen k\u00f6nnte \u00fcber Diaz, Francis Ngannou und das Schwergewicht und mehr. <\/p>\n<p>Sie k\u00f6nnen Heck of a Morning dienstags, donnerstags und freitags um 10 Uhr ET in den MMA Fighting Twitter Spaces live h\u00f6ren. <\/p>\n<p>Wenn Sie ihn live verpassen, finden Sie unten auf Audio-only-Versionen des Podcasts <a rel=\"nofollow noopener\" target=\"_blank\" href=\"https:\/\/go.redirectingat.com\/?xcust=22472__t_w__r_google.com__d_D&amp;id=66960X1516590&amp;xs=1&amp;url=https:\/\/itunes.apple.com\/podcast\/id320642139&amp;referrer=sbnation.com\" data-cdata=\"{\">Apple-Podcasts<\/a>, <a rel=\"nofollow noopener\" target=\"_blank\" href=\"https:\/\/podcasts.google.com\/?feed=aHR0cDovL2ZlZWRzLmZlZWRidXJuZXIuY29tL1RoZU1tYUhvdXJXaXRoQXJpZWxIZWx3YW5p\">Google-Podcasts<\/a>, <a rel=\"nofollow noopener\" target=\"_blank\" href=\"https:\/\/open.spotify.com\/show\/27Z2RR39rjGrRcV1DiQ40J?si=5ZS0Lje7QbWITUd60cOb8g\">Spotify<\/a>, <a rel=\"nofollow noopener\" target=\"_blank\" href=\"https:\/\/www.iheart.com\/podcast\/269-the-mma-beat-29878823\/?cmp=web_share\">Ich h\u00f6rte Radio<\/a>, <a rel=\"nofollow noopener\" target=\"_blank\" href=\"https:\/\/www.stitcher.com\/podcast\/mma-fighting\">Hefter<\/a>und wo immer Sie Ihre Lieblings-Podcasts finden. <\/p>\n<div><\/div>\n","protected":false},"excerpt":{"rendered":"<p>Wie jeder in der MMA-Community inzwischen wahrscheinlich wei\u00df, wurde die UFC 279-Pressekonferenz am Donnerstag abrupt abgesagt, nachdem hinter den Kulissen in Las Vegas Chaos ausgebrochen war. Khamzat Chimaev, Nate Diaz und Kevin Holland waren angeblich alle beteiligt. Aber \u00e4ndert dies Ihre Sicht auf den Hauptkampf zwischen Chimaev und Diaz am Samstag? In einem brandneuen Heck [&hellip;]<\/p>\n","protected":false},"author":1,"featured_media":253669,"comment_status":"","ping_status":"open","sticky":false,"template":"","format":"standard","meta":{"footnotes":""},"categories":[1213],"tags":[],"_links":{"self":[{"href":"https:\/\/wmmaa.org\/de\/wp-json\/wp\/v2\/posts\/253685"}],"collection":[{"href":"https:\/\/wmmaa.org\/de\/wp-json\/wp\/v2\/posts"}],"about":[{"href":"https:\/\/wmmaa.org\/de\/wp-json\/wp\/v2\/types\/post"}],"author":[{"embeddable":true,"href":"https:\/\/wmmaa.org\/de\/wp-json\/wp\/v2\/users\/1"}],"replies":[{"embeddable":true,"href":"https:\/\/wmmaa.org\/de\/wp-json\/wp\/v2\/comments?post=253685"}],"version-history":[{"count":0,"href":"https:\/\/wmmaa.org\/de\/wp-json\/wp\/v2\/posts\/253685\/revisions"}],"wp:featuredmedia":[{"embeddable":true,"href":"https:\/\/wmmaa.org\/de\/wp-json\/wp\/v2\/media\/253669"}],"wp:attachment":[{"href":"https:\/\/wmmaa.org\/de\/wp-json\/wp\/v2\/media?parent=253685"}],"wp:term":[{"taxonomy":"category","embeddable":true,"href":"https:\/\/wmmaa.org\/de\/wp-json\/wp\/v2\/categories?post=253685"},{"taxonomy":"post_tag","embeddable":true,"href":"https:\/\/wmmaa.org\/de\/wp-json\/wp\/v2\/tags?post=253685"}],"curies":[{"name":"wp","href":"https:\/\/api.w.org\/{rel}","templated":true}]}}