{"id":253297,"date":"2022-09-09T04:21:44","date_gmt":"2022-09-09T01:21:44","guid":{"rendered":"https:\/\/wmmaa.org\/hor-auf-dich-wie-idioten-zu-benehmen-kampfer-reagieren-auf-angebliche-auseinandersetzungen-hinter-den-kulissen-bei-der-ufc-279-pressekonferenz\/"},"modified":"2022-09-09T04:21:44","modified_gmt":"2022-09-09T01:21:44","slug":"hor-auf-dich-wie-idioten-zu-benehmen-kampfer-reagieren-auf-angebliche-auseinandersetzungen-hinter-den-kulissen-bei-der-ufc-279-pressekonferenz","status":"publish","type":"post","link":"https:\/\/wmmaa.org\/de\/hor-auf-dich-wie-idioten-zu-benehmen-kampfer-reagieren-auf-angebliche-auseinandersetzungen-hinter-den-kulissen-bei-der-ufc-279-pressekonferenz\/","title":{"rendered":"\u201eH\u00f6r auf, dich wie Idioten zu benehmen\u201c: K\u00e4mpfer reagieren auf angebliche Auseinandersetzungen hinter den Kulissen bei der UFC 279-Pressekonferenz"},"content":{"rendered":"<p>Als sich bei der UFC 279-Pressekonferenz die Nachricht von einem angeblichen Nahkampf hinter den Kulissen verbreitete, klebten MMA-K\u00e4mpfer an ihren Telefonen, in der Hoffnung, ein Update dar\u00fcber zu erhalten, wer was getan hat. <\/p>\n<p>Die Absage des Medienereignisses durch UFC-Pr\u00e4sidentin Dana White verst\u00e4rkte nur die Neugier auf eine Auseinandersetzung hinter den Kulissen \u2013 angeblich unter anderem mit Khamzat Chimaev und Kevin Holland \u2013, die zu einer pl\u00f6tzlichen \u00c4nderung der Pl\u00e4ne f\u00fchrte. <\/p>\n<p>So reagierten die K\u00e4mpfer auf die Nachricht von der Auseinandersetzung und der Absage der UFC 279-Pressekonferenz. <\/p>\n<aside>\n<div class=\"c-read-more\">\n<p class=\"c-read-more__intro\">\n<p>\u00c4hnlich\n <\/p>\n<h4>Dana White sagt die UFC 279-Pressekonferenz vor dem Kampf ab, nachdem hinter der B\u00fchne die \u201e***-Show\u201c ausgebrochen ist <\/h4>\n<\/div>\n<\/aside>\n<hr class=\"p-entry-hr\">\n<div>\n<blockquote class=\"twitter-tweet\">\n<p lang=\"en\" dir=\"ltr\">Nur damit es jeder wei\u00df. Ich habe dem Clown einen kostenlosen Bartschnitt angeboten. Es gibt keinen Ort in Amerika, der diesen Service kostenlos anbietet. Ich bin genau, ich verspreche, ich w\u00fcrde ihn nicht schlagen. Ich stehe Ihnen ebenso zur Verf\u00fcgung wie das Hotelpersonal. <a rel=\"nofollow noopener\" target=\"_blank\" href=\"https:\/\/t.co\/Hiwwm40fg7\">https:\/\/t.co\/Hiwwm40fg7<\/a><\/p>\n<p>&#8212; Kevin Holland (@Trailblaze2top) <a rel=\"nofollow noopener\" target=\"_blank\" href=\"https:\/\/twitter.com\/Trailblaze2top\/status\/1568027290986070017?ref_src=twsrc%5Etfw\">9. September 2022<\/a>\n<\/p>\n<\/blockquote>\n<\/div>\n<div>\n<blockquote class=\"twitter-tweet\">\n<p lang=\"und\" dir=\"ltr\">RUHE IN FRIEDEN <a rel=\"nofollow noopener\" target=\"_blank\" href=\"https:\/\/t.co\/KmGBze2Qs5\">pic.twitter.com\/KmGBze2Qs5<\/a><\/p>\n<p>&#8212; Paulo Costa (Borrachinha) (@BorrachinhaMMA) <a rel=\"nofollow noopener\" target=\"_blank\" href=\"https:\/\/twitter.com\/BorrachinhaMMA\/status\/1568033026495639552?ref_src=twsrc%5Etfw\">9. September 2022<\/a>\n<\/p>\n<\/blockquote>\n<\/div>\n<div>\n<blockquote class=\"twitter-tweet\">\n<p lang=\"en\" dir=\"ltr\">Ich bin jetzt sehr fasziniert<\/p>\n<p>&#8212; Belal Muhammad (@bullyb170) <a rel=\"nofollow noopener\" target=\"_blank\" href=\"https:\/\/twitter.com\/bullyb170\/status\/1568026915860058114?ref_src=twsrc%5Etfw\">9. September 2022<\/a>\n<\/p>\n<\/blockquote>\n<\/div>\n<div>\n<blockquote class=\"twitter-tweet\">\n<p lang=\"en\" dir=\"ltr\">Wo war Paulo Costa w\u00e4hrend all dem?<\/p>\n<p>&#8212; Belal Muhammad (@bullyb170) <a rel=\"nofollow noopener\" target=\"_blank\" href=\"https:\/\/twitter.com\/bullyb170\/status\/1568027261609156618?ref_src=twsrc%5Etfw\">9. September 2022<\/a>\n<\/p>\n<\/blockquote>\n<\/div>\n<div>\n<blockquote class=\"twitter-tweet\">\n<p lang=\"en\" dir=\"ltr\">Ich habe geh\u00f6rt, dass Officer Holland Denzel am Training Day bei der UFC-Pressekonferenz hinter die B\u00fchne ging. <\/p>\n<p>&#8212; Derek Brunson (@DerekBrunson) <a rel=\"nofollow noopener\" target=\"_blank\" href=\"https:\/\/twitter.com\/DerekBrunson\/status\/1568040091762696198?ref_src=twsrc%5Etfw\">9. September 2022<\/a>\n<\/p>\n<\/blockquote>\n<\/div>\n<div>\n<blockquote class=\"twitter-tweet\">\n<p lang=\"en\" dir=\"ltr\">K\u00e4mpfer h\u00f6ren auf, sich vor dem Kampf wie Idioten zu benehmen. Vermasseln Sie keine Pressekonferenzen, Wiegen und K\u00e4mpfe. Die Leute zahlen ihr hart verdientes Geld, um getrennt zu sein <\/p>\n<p>&#8212; Derek Brunson (@DerekBrunson) <a rel=\"nofollow noopener\" target=\"_blank\" href=\"https:\/\/twitter.com\/DerekBrunson\/status\/1568040826114039810?ref_src=twsrc%5Etfw\">9. September 2022<\/a>\n<\/p>\n<\/blockquote>\n<\/div>\n<div>\n<blockquote class=\"twitter-tweet\">\n<p lang=\"en\" dir=\"ltr\">DIES <a rel=\"nofollow noopener\" target=\"_blank\" href=\"https:\/\/t.co\/kbUK5JEDLC\">https:\/\/t.co\/kbUK5JEDLC<\/a><\/p>\n<p>&#8212; Joe Joe Giannetti (@Giannettimma) <a rel=\"nofollow noopener\" target=\"_blank\" href=\"https:\/\/twitter.com\/Giannettimma\/status\/1568038246994550785?ref_src=twsrc%5Etfw\">9. September 2022<\/a>\n<\/p>\n<\/blockquote>\n<\/div>\n<div>\n<blockquote class=\"twitter-tweet\">\n<p lang=\"en\" dir=\"ltr\">Mein Twitter kann nicht schnell genug aktualisieren, haha, ich m\u00f6chte wissen, was passiert ist <\/p>\n<p>&#8212; Vince Morales (@vandetta135) <a rel=\"nofollow noopener\" target=\"_blank\" href=\"https:\/\/twitter.com\/vandetta135\/status\/1568028049874255872?ref_src=twsrc%5Etfw\">9. September 2022<\/a>\n<\/p>\n<\/blockquote>\n<\/div>\n<div>\n<blockquote class=\"twitter-tweet\">\n<p lang=\"en\" dir=\"ltr\">UFC Embedded sollte heute Abend stattfinden! <a rel=\"nofollow noopener\" target=\"_blank\" href=\"https:\/\/twitter.com\/ufc?ref_src=twsrc%5Etfw\">@ufc<\/a> <a rel=\"nofollow noopener\" target=\"_blank\" href=\"https:\/\/twitter.com\/hashtag\/UFC279?src=hash&amp;ref_src=twsrc%5Etfw\">#UFC279<\/a><\/p>\n<p>&#8212; Chris Leben (@ChrisLebenMMA) <a rel=\"nofollow noopener\" target=\"_blank\" href=\"https:\/\/twitter.com\/ChrisLebenMMA\/status\/1568035748804456448?ref_src=twsrc%5Etfw\">9. September 2022<\/a>\n<\/p>\n<\/blockquote>\n<\/div>\n<div>\n<blockquote class=\"twitter-tweet\">\n<p lang=\"en\" dir=\"ltr\">Ich habe mich noch nie so sehr um Mma-Neuigkeiten gek\u00fcmmert wie jetzt. Ich muss wissen, was hinter der B\u00fchne passiert ist. Wo sind die Videos? <a rel=\"nofollow noopener\" target=\"_blank\" href=\"https:\/\/twitter.com\/hashtag\/ufc279?src=hash&amp;ref_src=twsrc%5Etfw\">#ufc279<\/a><\/p>\n<p>&#8212; Chris Weidman (@chrisweidman) <a rel=\"nofollow noopener\" target=\"_blank\" href=\"https:\/\/twitter.com\/chrisweidman\/status\/1568032921646235648?ref_src=twsrc%5Etfw\">9. September 2022<\/a>\n<\/p>\n<\/blockquote>\n<\/div>\n<p>\n","protected":false},"excerpt":{"rendered":"<p>Als sich bei der UFC 279-Pressekonferenz die Nachricht von einem angeblichen Nahkampf hinter den Kulissen verbreitete, klebten MMA-K\u00e4mpfer an ihren Telefonen, in der Hoffnung, ein Update dar\u00fcber zu erhalten, wer was getan hat. Die Absage des Medienereignisses durch UFC-Pr\u00e4sidentin Dana White verst\u00e4rkte nur die Neugier auf eine Auseinandersetzung hinter den Kulissen \u2013 angeblich unter anderem [&hellip;]<\/p>\n","protected":false},"author":1,"featured_media":253286,"comment_status":"","ping_status":"open","sticky":false,"template":"","format":"standard","meta":{"footnotes":""},"categories":[1213],"tags":[],"_links":{"self":[{"href":"https:\/\/wmmaa.org\/de\/wp-json\/wp\/v2\/posts\/253297"}],"collection":[{"href":"https:\/\/wmmaa.org\/de\/wp-json\/wp\/v2\/posts"}],"about":[{"href":"https:\/\/wmmaa.org\/de\/wp-json\/wp\/v2\/types\/post"}],"author":[{"embeddable":true,"href":"https:\/\/wmmaa.org\/de\/wp-json\/wp\/v2\/users\/1"}],"replies":[{"embeddable":true,"href":"https:\/\/wmmaa.org\/de\/wp-json\/wp\/v2\/comments?post=253297"}],"version-history":[{"count":0,"href":"https:\/\/wmmaa.org\/de\/wp-json\/wp\/v2\/posts\/253297\/revisions"}],"wp:featuredmedia":[{"embeddable":true,"href":"https:\/\/wmmaa.org\/de\/wp-json\/wp\/v2\/media\/253286"}],"wp:attachment":[{"href":"https:\/\/wmmaa.org\/de\/wp-json\/wp\/v2\/media?parent=253297"}],"wp:term":[{"taxonomy":"category","embeddable":true,"href":"https:\/\/wmmaa.org\/de\/wp-json\/wp\/v2\/categories?post=253297"},{"taxonomy":"post_tag","embeddable":true,"href":"https:\/\/wmmaa.org\/de\/wp-json\/wp\/v2\/tags?post=253297"}],"curies":[{"name":"wp","href":"https:\/\/api.w.org\/{rel}","templated":true}]}}