{"id":252529,"date":"2022-09-08T02:09:21","date_gmt":"2022-09-07T23:09:21","guid":{"rendered":"https:\/\/wmmaa.org\/khamzat-chimaev-weist-potenziellen-kampf-mit-paulo-costa-zuruck-und-behauptet-leon-edwards-will-mein-gesicht-nicht-sehen\/"},"modified":"2022-09-08T02:09:21","modified_gmt":"2022-09-07T23:09:21","slug":"khamzat-chimaev-weist-potenziellen-kampf-mit-paulo-costa-zuruck-und-behauptet-leon-edwards-will-mein-gesicht-nicht-sehen","status":"publish","type":"post","link":"https:\/\/wmmaa.org\/de\/khamzat-chimaev-weist-potenziellen-kampf-mit-paulo-costa-zuruck-und-behauptet-leon-edwards-will-mein-gesicht-nicht-sehen\/","title":{"rendered":"Khamzat Chimaev weist potenziellen Kampf mit Paulo Costa zur\u00fcck und behauptet, Leon Edwards \u201ewill mein Gesicht nicht sehen\u201c"},"content":{"rendered":"<p>Wenn Khamzat Chimaev Nate Diaz im Main Event von UFC 279 schl\u00e4gt, hat er viele potenzielle Optionen f\u00fcr seinen n\u00e4chsten Kampf. <\/p>\n<p>Glaube nicht, dass Paulo Costa einer sein wird. <\/p>\n<p> Nur wenige Tage vor seinem Schlagzeilen-Pay-per-View verwickelte sich der ungeschlagene Weltergewichtler in eine Auseinandersetzung mit Costa am UFC Performance Institute (Las Vegas). Das Filmmaterial, das Costa sp\u00e4ter ver\u00f6ffentlichte, zeigte die K\u00e4mpfer, die Worte austauschten, bevor sie einem K\u00e4fig zwischen ihnen gegen\u00fcberstanden. <\/p>\n<aside>\n<div class=\"c-read-more\">\n<p class=\"c-read-more__intro\">\n<p> Verwandt\n <\/p>\n<h4>Video \u2013 Paulo Costa und Khamzat Chimiev hatten vor UFC 279 eine Auseinandersetzung <\/h4>\n<\/div>\n<\/aside>\n<p>Costa sagte sp\u00e4ter, wenn der tschetschenische Mauler am Samstag durch Diaz kommt: &#8222;Ich will gegen dich k\u00e4mpfen.&#8220; Am Mittwoch beim UFC 279-Medientag reagierte Chimaev auf die Auseinandersetzung. <\/p>\n<p>&#8222;Nichts [happened]\u201c, erkl\u00e4rte Chimaev. Er sprach \u00fcber mich. Er sprach \u00fcber mich, aber nur einmal. Er m\u00f6chte jetzt bekannt sein. <\/p>\n<p>&#8222;Israel [Adesanya] f\u00fcr ***** Arsch. Na und? Das ***. war \u00fcberall. Er muss zur\u00fcckgehen und etwas Einfaches tun.&#8220;<\/p>\n<p>Was einen m\u00f6glichen Kampf gegen Costa nach Samstagabend angeht, verwarf Chimaev die Idee schnell. W\u00e4hrend er zuvor im Mittelgewicht angetreten ist, scheint es nicht, dass seine R\u00fcckkehr zu 185 Pfund gegen Costa stattfinden wird. <\/p>\n<p>&#8222;Warum [should I fight him]?&#8220; Sagte Chimaev. Er ist ein verdammter Idiot. Jemand hat ihn schon in den Arsch gefickt.&#8220;<\/p>\n<p>Chimaev sprach auch das Weltergewicht an, wo ein Sieg \u00fcber Diaz bei UFC 279 ihn auf Kollisionskurs mit Kamaru Usman h\u00e4tte bringen k\u00f6nnen. Diese Pl\u00e4ne \u00e4nderten sich auf dramatische Weise, nachdem Usman im August bei UFC 278 eine schockierende KO-Niederlage gegen Leon Edwards hinnehmen musste. <\/p>\n<p> Chimaev sollte urspr\u00fcnglich gegen Edwards k\u00e4mpfen, aber mehrere K\u00e4mpfe wurden zwischen ihnen abgesagt. Chimaev war stolz auf den Sieg, besonders nachdem es so aussah, als w\u00fcrde er auf eine Niederlage zusteuern. <\/p>\n<p>&#8222;Es war eine erstaunliche Leistung&#8220;, sagte Chimaev \u00fcber Edwards. &#8222;Er hat sein Herz gezeigt. Er hat ihn im allerletzten Moment bewusstlos geschlagen. Er ist ein gro\u00dfartiger Kerl. Das hat er verdient. Er hat hart gearbeitet.&#8220;<\/p>\n<p>Chimaev ist sich jedoch nicht so sicher, ob Edwards ihre fr\u00fchere Rivalit\u00e4t tats\u00e4chlich noch einmal aufgreifen m\u00f6chte, jetzt, wo er endlich als UFC-Champion feiert. <\/p>\n<p>\u201eEr ist nicht daran interessiert, \u00fcber mich zu sprechen\u201c, sagte Chimaev. Er ergriff die Gelegenheit, nach meinem Namen zu fragen. Er sprach \u00fcber [Nate] Er sprach von Diaz [Jorge] Masvidal, [Kamaru] Usman, alle. Der Typ will mein Gesicht nicht sehen.&#8220;<\/p>\n<p>Alle Zeichen deuten derzeit auf einen sofortigen R\u00fcckkampf zwischen Edwards und Usman Anfang 2023 hin, obwohl noch nichts angeboten oder angenommen wurde. <\/p>\n<p> Wenn Usman sich nach dem Knockout wieder erholen kann, w\u00fcrde sich auch Chimaev \u00fcber die Chance freuen, gegen ihn k\u00e4mpfen zu k\u00f6nnen. <\/p>\n<p>&#8222;Ich hoffe, er ist gesund&#8220;, sagte Chimaev \u00fcber Usman. Wir werden alle sehen. &#8222;Ich m\u00f6chte, dass er zur\u00fcckkommt. Wenn er auf das gleiche Niveau wie zuvor zur\u00fcckkehrt, w\u00fcrde ich gerne gegen diesen Typen k\u00e4mpfen k\u00f6nnen.&#8220;<\/p>\n","protected":false},"excerpt":{"rendered":"<p>Wenn Khamzat Chimaev Nate Diaz im Main Event von UFC 279 schl\u00e4gt, hat er viele potenzielle Optionen f\u00fcr seinen n\u00e4chsten Kampf. Glaube nicht, dass Paulo Costa einer sein wird. Nur wenige Tage vor seinem Schlagzeilen-Pay-per-View verwickelte sich der ungeschlagene Weltergewichtler in eine Auseinandersetzung mit Costa am UFC Performance Institute (Las Vegas). Das Filmmaterial, das Costa [&hellip;]<\/p>\n","protected":false},"author":1,"featured_media":252518,"comment_status":"","ping_status":"open","sticky":false,"template":"","format":"standard","meta":{"footnotes":""},"categories":[1213],"tags":[],"_links":{"self":[{"href":"https:\/\/wmmaa.org\/de\/wp-json\/wp\/v2\/posts\/252529"}],"collection":[{"href":"https:\/\/wmmaa.org\/de\/wp-json\/wp\/v2\/posts"}],"about":[{"href":"https:\/\/wmmaa.org\/de\/wp-json\/wp\/v2\/types\/post"}],"author":[{"embeddable":true,"href":"https:\/\/wmmaa.org\/de\/wp-json\/wp\/v2\/users\/1"}],"replies":[{"embeddable":true,"href":"https:\/\/wmmaa.org\/de\/wp-json\/wp\/v2\/comments?post=252529"}],"version-history":[{"count":0,"href":"https:\/\/wmmaa.org\/de\/wp-json\/wp\/v2\/posts\/252529\/revisions"}],"wp:featuredmedia":[{"embeddable":true,"href":"https:\/\/wmmaa.org\/de\/wp-json\/wp\/v2\/media\/252518"}],"wp:attachment":[{"href":"https:\/\/wmmaa.org\/de\/wp-json\/wp\/v2\/media?parent=252529"}],"wp:term":[{"taxonomy":"category","embeddable":true,"href":"https:\/\/wmmaa.org\/de\/wp-json\/wp\/v2\/categories?post=252529"},{"taxonomy":"post_tag","embeddable":true,"href":"https:\/\/wmmaa.org\/de\/wp-json\/wp\/v2\/tags?post=252529"}],"curies":[{"name":"wp","href":"https:\/\/api.w.org\/{rel}","templated":true}]}}