{"id":251349,"date":"2022-09-06T18:42:06","date_gmt":"2022-09-06T15:42:06","guid":{"rendered":"https:\/\/wmmaa.org\/heck-of-a-morning-wird-nate-diaz-nach-dem-ufc-279-kampf-mit-khamzat-chimaev-jemals-wieder-fur-die-ufc-kampfen\/"},"modified":"2022-09-06T18:42:06","modified_gmt":"2022-09-06T15:42:06","slug":"heck-of-a-morning-wird-nate-diaz-nach-dem-ufc-279-kampf-mit-khamzat-chimaev-jemals-wieder-fur-die-ufc-kampfen","status":"publish","type":"post","link":"https:\/\/wmmaa.org\/de\/heck-of-a-morning-wird-nate-diaz-nach-dem-ufc-279-kampf-mit-khamzat-chimaev-jemals-wieder-fur-die-ufc-kampfen\/","title":{"rendered":"Heck of a Morning: Wird Nate Diaz nach dem UFC 279-Kampf mit Khamzat Chimaev jemals wieder f\u00fcr die UFC k\u00e4mpfen?"},"content":{"rendered":"<p>Nate Diaz wird seinen aktuellen UFC-Vertrag diesen Samstag gegen Khamzat Chimaev im Main Event von UFC 279 abschlie\u00dfen, aber gewinnen oder verlieren, wird das das letzte Mal sein, dass Diaz das Achteck betritt? <\/p>\n<p>In einer brandneuen Ausgabe von Heck of a Morning beantwortet Mike Heck von MMA Fighting diese Frage und was als n\u00e4chstes f\u00fcr beide Jungs nach dem PPV-Event an diesem Wochenende kommen k\u00f6nnte. Zu den Zuh\u00f6rerthemen geh\u00f6ren au\u00dferdem Diaz\u2018 neuer Kampfaufstieg, ob Chimaev nach UFC 279 auf 185 steigen sollte, Ciryl Ganes Sieg \u00fcber Tai Tuivasa und was als n\u00e4chstes f\u00fcr ihn nach UFC Paris am vergangenen Wochenende kommen k\u00f6nnte, Ganes Hinterkopfschlag w\u00e4hrend der Finishing-Sequenz und die Reaktionen darauf, Robert Whittakers sensationelle Leistung gegen Marvin Vettori im Co-Main Event und mehr. <\/p>\n<p>Sie k\u00f6nnen Heck of a Morning dienstags, donnerstags und freitags um 10 Uhr ET in den MMA Fighting Twitter Spaces live h\u00f6ren. <\/p>\n<p>Wenn Sie ihn live verpassen, finden Sie unten auf Audio-only-Versionen des Podcasts <a rel=\"nofollow noopener\" target=\"_blank\" href=\"https:\/\/go.redirectingat.com\/?xcust=22472__t_w__r_google.com__d_D&amp;id=66960X1516590&amp;xs=1&amp;url=https:\/\/itunes.apple.com\/podcast\/id320642139&amp;referrer=sbnation.com\" data-cdata=\"{\">Apple-Podcasts<\/a>, <a rel=\"nofollow noopener\" target=\"_blank\" href=\"https:\/\/podcasts.google.com\/?feed=aHR0cDovL2ZlZWRzLmZlZWRidXJuZXIuY29tL1RoZU1tYUhvdXJXaXRoQXJpZWxIZWx3YW5p\">Google-Podcasts<\/a>, <a rel=\"nofollow noopener\" target=\"_blank\" href=\"https:\/\/open.spotify.com\/show\/27Z2RR39rjGrRcV1DiQ40J?si=5ZS0Lje7QbWITUd60cOb8g\">Spotify<\/a>, <a rel=\"nofollow noopener\" target=\"_blank\" href=\"https:\/\/www.iheart.com\/podcast\/269-the-mma-beat-29878823\/?cmp=web_share\">Ich h\u00f6rte Radio<\/a>, <a rel=\"nofollow noopener\" target=\"_blank\" href=\"https:\/\/www.stitcher.com\/podcast\/mma-fighting\">Hefter<\/a>und wo immer Sie Ihre Lieblings-Podcasts finden. <\/p>\n<div><\/div>\n","protected":false},"excerpt":{"rendered":"<p>Nate Diaz wird seinen aktuellen UFC-Vertrag diesen Samstag gegen Khamzat Chimaev im Main Event von UFC 279 abschlie\u00dfen, aber gewinnen oder verlieren, wird das das letzte Mal sein, dass Diaz das Achteck betritt? In einer brandneuen Ausgabe von Heck of a Morning beantwortet Mike Heck von MMA Fighting diese Frage und was als n\u00e4chstes f\u00fcr [&hellip;]<\/p>\n","protected":false},"author":1,"featured_media":251340,"comment_status":"","ping_status":"open","sticky":false,"template":"","format":"standard","meta":{"footnotes":""},"categories":[1213],"tags":[],"_links":{"self":[{"href":"https:\/\/wmmaa.org\/de\/wp-json\/wp\/v2\/posts\/251349"}],"collection":[{"href":"https:\/\/wmmaa.org\/de\/wp-json\/wp\/v2\/posts"}],"about":[{"href":"https:\/\/wmmaa.org\/de\/wp-json\/wp\/v2\/types\/post"}],"author":[{"embeddable":true,"href":"https:\/\/wmmaa.org\/de\/wp-json\/wp\/v2\/users\/1"}],"replies":[{"embeddable":true,"href":"https:\/\/wmmaa.org\/de\/wp-json\/wp\/v2\/comments?post=251349"}],"version-history":[{"count":0,"href":"https:\/\/wmmaa.org\/de\/wp-json\/wp\/v2\/posts\/251349\/revisions"}],"wp:featuredmedia":[{"embeddable":true,"href":"https:\/\/wmmaa.org\/de\/wp-json\/wp\/v2\/media\/251340"}],"wp:attachment":[{"href":"https:\/\/wmmaa.org\/de\/wp-json\/wp\/v2\/media?parent=251349"}],"wp:term":[{"taxonomy":"category","embeddable":true,"href":"https:\/\/wmmaa.org\/de\/wp-json\/wp\/v2\/categories?post=251349"},{"taxonomy":"post_tag","embeddable":true,"href":"https:\/\/wmmaa.org\/de\/wp-json\/wp\/v2\/tags?post=251349"}],"curies":[{"name":"wp","href":"https:\/\/api.w.org\/{rel}","templated":true}]}}