{"id":250876,"date":"2022-09-06T00:06:14","date_gmt":"2022-09-05T21:06:14","guid":{"rendered":"https:\/\/wmmaa.org\/verdammt-das-war-verruckt-ruckblick-auf-die-absage-von-ufc-151-mit-dem-sport-killer\/"},"modified":"2022-09-06T00:06:14","modified_gmt":"2022-09-05T21:06:14","slug":"verdammt-das-war-verruckt-ruckblick-auf-die-absage-von-ufc-151-mit-dem-sport-killer","status":"publish","type":"post","link":"https:\/\/wmmaa.org\/de\/verdammt-das-war-verruckt-ruckblick-auf-die-absage-von-ufc-151-mit-dem-sport-killer\/","title":{"rendered":"&#8218;VERDAMMT! Das war verr\u00fcckt&#8216;: R\u00fcckblick auf die Absage von UFC 151 mit dem &#8218;Sport Killer&#8216;"},"content":{"rendered":"<p>W\u00e4hrend VERDAMMT! They Were Good feiert normalerweise die Karrieren der aufregendsten und einflussreichsten K\u00e4mpfer in der MMA-Geschichte, zum 10-j\u00e4hrigen Jubil\u00e4um eines der gr\u00f6\u00dften Fiaskos in der UFC-Geschichte, diese Woche DAMN! wird tief in die erste Kampfkarte eintauchen, die die UFC jemals abgesagt hat, UFC 151. <\/p>\n<p>UFC 151 sollte von einem Titelkampf im Halbschwergewicht zwischen Jon Jones und Dan Henderson angef\u00fchrt werden, aber acht Tage vor der Veranstaltung teilte Henderson der UFC mit, dass er seine MCL gerissen habe und nicht mehr antreten k\u00f6nne. Die Bef\u00f6rderung bem\u00fchte sich, einen Ersatz zu finden, und entschied sich f\u00fcr Chael Sonnen, aber Jones und sein Team lehnten den kurzfristigen Kampf ab. Am Ende sagte die UFC die Veranstaltung ab und gab Jones und seinem Trainer Greg Jackson die Schuld. <a rel=\"nofollow noopener\" target=\"_blank\" href=\"https:\/\/www.ufc.com\/news\/ufc-151-cancelled-ufc-152-gets-new-main-event-updated\">Ver\u00f6ffentlichung einer vernichtenden Pressemitteilung<\/a> und Hinzuf\u00fcgen des Begriffs &#8222;Sport Killer&#8220; zum MMA-Lexikon. <\/p>\n<p>Gastgeber Jed Meshew wird von Shaheen Al-Shatti und Alexander K. Lee begleitet, um diese turbulente Zeit im MMA zu besprechen, mit einem besonderen Auftritt von \u201eThe Sport Killer\u201c h\u00f6chstpers\u00f6nlich. <\/p>\n<p>Neue Folgen der <em>VERDAMMT! Sie waren gut<\/em> Podcast erscheinen zweiw\u00f6chentlich und sind auf verf\u00fcgbar <a rel=\"nofollow noopener\" target=\"_blank\" href=\"https:\/\/go.redirectingat.com\/?xcust=___sb__p_22890016__t_w__r_google.com__d_D&amp;id=66960X1516590&amp;xs=1&amp;url=https:\/\/itunes.apple.com\/podcast\/id320642139&amp;referrer=sbnation.com\" data-cdata=\"{\">Apple-Podcasts<\/a>, <a rel=\"nofollow noopener\" target=\"_blank\" href=\"https:\/\/podcasts.google.com\/?feed=aHR0cDovL2ZlZWRzLmZlZWRidXJuZXIuY29tL1RoZU1tYUhvdXJXaXRoQXJpZWxIZWx3YW5p\">Google-Podcasts<\/a>, <a rel=\"nofollow noopener\" target=\"_blank\" href=\"https:\/\/open.spotify.com\/show\/27Z2RR39rjGrRcV1DiQ40J?si=5ZS0Lje7QbWITUd60cOb8g\">Spotify<\/a>, <a rel=\"nofollow noopener\" target=\"_blank\" href=\"https:\/\/www.stitcher.com\/podcast\/mma-fighting\">Hefter<\/a>, und wo auch immer Sie Ihre Lieblings-Podcasts finden. Unten k\u00f6nnt ihr euch die Folge dieser Woche anh\u00f6ren. <\/p>\n<div><\/div>\n","protected":false},"excerpt":{"rendered":"<p>W\u00e4hrend VERDAMMT! They Were Good feiert normalerweise die Karrieren der aufregendsten und einflussreichsten K\u00e4mpfer in der MMA-Geschichte, zum 10-j\u00e4hrigen Jubil\u00e4um eines der gr\u00f6\u00dften Fiaskos in der UFC-Geschichte, diese Woche DAMN! wird tief in die erste Kampfkarte eintauchen, die die UFC jemals abgesagt hat, UFC 151. UFC 151 sollte von einem Titelkampf im Halbschwergewicht zwischen Jon [&hellip;]<\/p>\n","protected":false},"author":1,"featured_media":250863,"comment_status":"","ping_status":"open","sticky":false,"template":"","format":"standard","meta":{"footnotes":""},"categories":[1213],"tags":[],"_links":{"self":[{"href":"https:\/\/wmmaa.org\/de\/wp-json\/wp\/v2\/posts\/250876"}],"collection":[{"href":"https:\/\/wmmaa.org\/de\/wp-json\/wp\/v2\/posts"}],"about":[{"href":"https:\/\/wmmaa.org\/de\/wp-json\/wp\/v2\/types\/post"}],"author":[{"embeddable":true,"href":"https:\/\/wmmaa.org\/de\/wp-json\/wp\/v2\/users\/1"}],"replies":[{"embeddable":true,"href":"https:\/\/wmmaa.org\/de\/wp-json\/wp\/v2\/comments?post=250876"}],"version-history":[{"count":0,"href":"https:\/\/wmmaa.org\/de\/wp-json\/wp\/v2\/posts\/250876\/revisions"}],"wp:featuredmedia":[{"embeddable":true,"href":"https:\/\/wmmaa.org\/de\/wp-json\/wp\/v2\/media\/250863"}],"wp:attachment":[{"href":"https:\/\/wmmaa.org\/de\/wp-json\/wp\/v2\/media?parent=250876"}],"wp:term":[{"taxonomy":"category","embeddable":true,"href":"https:\/\/wmmaa.org\/de\/wp-json\/wp\/v2\/categories?post=250876"},{"taxonomy":"post_tag","embeddable":true,"href":"https:\/\/wmmaa.org\/de\/wp-json\/wp\/v2\/tags?post=250876"}],"curies":[{"name":"wp","href":"https:\/\/api.w.org\/{rel}","templated":true}]}}