{"id":235125,"date":"2022-08-15T23:22:32","date_gmt":"2022-08-15T20:22:32","guid":{"rendered":"https:\/\/wmmaa.org\/ist-fury-also-gegangen-oder-nicht-eddie-hearns-meinung\/"},"modified":"2022-08-15T23:22:32","modified_gmt":"2022-08-15T20:22:32","slug":"ist-fury-also-gegangen-oder-nicht-eddie-hearns-meinung","status":"publish","type":"post","link":"https:\/\/wmmaa.org\/de\/ist-fury-also-gegangen-oder-nicht-eddie-hearns-meinung\/","title":{"rendered":"Ist Fury also gegangen oder nicht? Eddie Hearns Meinung"},"content":{"rendered":"<p><img decoding=\"async\" src=\"https:\/\/wmmaa.org\/wp-content\/uploads\/2022\/08\/b910b4799e06e974e5623fa57d37d6f1.png\" alt=\"\"><\/p>\n<div>\n<p> Der britische Top-Promoter Eddie Hearn kommentierte letzte Woche die Entscheidung des WBC-Weltmeisters im Schwergewicht Tyson Fury (32-0-1, 23 KOs), seine Karriere an seinem 34. Geburtstag zu beenden.\n<\/p>\n<p> Eddie zieht es vor, keine voreiligen Schl\u00fcsse zu ziehen und auf das Ergebnis des R\u00fcckkampfs zwischen Oleksandr Usyk und Anthony Joshua am Samstag zu warten.\n<\/p>\n<p> \u201eJemand hat mir gesagt, dass Tyson Fury erneut seinen R\u00fccktritt angek\u00fcndigt hat. Sieht so aus, als w\u00e4re er so unsicher, dass er es jedes Mal tut, wenn Anthony Joshua k\u00e4mpft\u201c, sagte Hearn. \u201eIch wei\u00df nicht, an welchem \u200b\u200bPunkt du da sitzen und sagen sollst: \u201aIch werde Schei\u00dfe herumwerfen, um den Fokus von Joshua auf mich zu lenken.\u2018 Wenn Sie sich selbst zum besten Schwergewicht der Welt erkl\u00e4rt haben, warum machen Sie sich dann solche Sorgen um Joshua?&#8220;\n<\/p>\n<p> \u201eEr braucht kein Geld, aber er will eine halbe Milliarde\u201c, erinnert sich der Promoter. \u201eIch habe noch nie so viele Widerspr\u00fcche bei jemandem gesehen. Ich widerspreche mir die ganze Zeit, aber er ist einfach auf einer anderen Ebene. Mal sehen, was als n\u00e4chstes passiert, nachdem Joshua Usyk KO geschlagen hat und dann nach Tyson Fury kommt.&#8220;\n<\/p>\n<p> Inzwischen hat der World Boxing Council eine Frist f\u00fcr Fury gesetzt.\n<\/p>\n<p>\n <i><span>Quelle: <\/span><\/i><br \/>\n <a rel=\"nofollow noopener\" target=\"_blank\" href=\"https:\/\/www.youtube.com\/c\/ifltv\"><i><span>iFL-TV<\/span><\/i><\/a><\/p>\n<\/p>\n<\/div>\n","protected":false},"excerpt":{"rendered":"<p>Der britische Top-Promoter Eddie Hearn kommentierte letzte Woche die Entscheidung des WBC-Weltmeisters im Schwergewicht Tyson Fury (32-0-1, 23 KOs), seine Karriere an seinem 34. Geburtstag zu beenden. Eddie zieht es vor, keine voreiligen Schl\u00fcsse zu ziehen und auf das Ergebnis des R\u00fcckkampfs zwischen Oleksandr Usyk und Anthony Joshua am Samstag zu warten. \u201eJemand hat mir [&hellip;]<\/p>\n","protected":false},"author":1,"featured_media":235085,"comment_status":"","ping_status":"open","sticky":false,"template":"","format":"standard","meta":{"footnotes":""},"categories":[1213],"tags":[],"_links":{"self":[{"href":"https:\/\/wmmaa.org\/de\/wp-json\/wp\/v2\/posts\/235125"}],"collection":[{"href":"https:\/\/wmmaa.org\/de\/wp-json\/wp\/v2\/posts"}],"about":[{"href":"https:\/\/wmmaa.org\/de\/wp-json\/wp\/v2\/types\/post"}],"author":[{"embeddable":true,"href":"https:\/\/wmmaa.org\/de\/wp-json\/wp\/v2\/users\/1"}],"replies":[{"embeddable":true,"href":"https:\/\/wmmaa.org\/de\/wp-json\/wp\/v2\/comments?post=235125"}],"version-history":[{"count":0,"href":"https:\/\/wmmaa.org\/de\/wp-json\/wp\/v2\/posts\/235125\/revisions"}],"wp:featuredmedia":[{"embeddable":true,"href":"https:\/\/wmmaa.org\/de\/wp-json\/wp\/v2\/media\/235085"}],"wp:attachment":[{"href":"https:\/\/wmmaa.org\/de\/wp-json\/wp\/v2\/media?parent=235125"}],"wp:term":[{"taxonomy":"category","embeddable":true,"href":"https:\/\/wmmaa.org\/de\/wp-json\/wp\/v2\/categories?post=235125"},{"taxonomy":"post_tag","embeddable":true,"href":"https:\/\/wmmaa.org\/de\/wp-json\/wp\/v2\/tags?post=235125"}],"curies":[{"name":"wp","href":"https:\/\/api.w.org\/{rel}","templated":true}]}}