{"id":187115,"date":"2022-06-19T03:21:17","date_gmt":"2022-06-19T00:21:17","guid":{"rendered":"https:\/\/wmmaa.org\/usyk-ist-zu-gut-fury-glaubt-nicht-an-joshuas-ruckkampf\/"},"modified":"2022-06-19T03:21:17","modified_gmt":"2022-06-19T00:21:17","slug":"usyk-ist-zu-gut-fury-glaubt-nicht-an-joshuas-ruckkampf","status":"publish","type":"post","link":"https:\/\/wmmaa.org\/de\/usyk-ist-zu-gut-fury-glaubt-nicht-an-joshuas-ruckkampf\/","title":{"rendered":"&#8222;Usyk ist zu gut.&#8220;  Fury glaubt nicht an Joshuas R\u00fcckkampf"},"content":{"rendered":"<p><\/p>\n<div  itemprop=\"articleBody\">\n<p>            Viele glauben, dass WBC-Schwergewichts-Champion Tyson Fury (32-0-1, 23 KOs) versucht sein k\u00f6nnte, seinen R\u00fccktritt zu beenden, indem er gegen seinen britischen Rivalen Anthony Joshua (24-2, 22 KOs) antritt, wenn er Oleksandr Usyk (19-0, 13 KOs) in einem R\u00fcckkampf am 20. August und wird den Rest der Divisionstitel zur\u00fcckerobern.<\/p>\n<p> Fury hingegen glaubt, dass es zu einem solchen Kampf nicht kommen wird, weil der Ukrainer seinen Landsmann erneut besiegen wird.<\/p>\n<p> \u201eIch denke, Usyk ist ein zu guter Boxer f\u00fcr AJ, und ich glaube nicht, dass Anthony die F\u00e4higkeit hat, 12 Runden lang Druck auf ihn auszu\u00fcben, ihn in einen Kampf zu ziehen, um ihn auszuschalten\u201c, sagte er.<br \/>\n<!--noindex--><a rel=\"nofollow noopener\" target=\"_blank\" href=\"https:\/\/www.telegraph.co.uk\/boxing\/2022\/06\/18\/tyson-fury-exclusive-boxing-done-everything-asked\/\">Der Telegraph<\/a><!--\/noindex-->.<\/p>\n<p> Laut Tyson hat Joshua ein psychologisches Problem: Er willigt angeblich zu leicht ein, \u201eden zweiten Platz einzunehmen\u201c.<\/p>\n<p> \u201eUnd wenn du freiwillig auf den zweiten Platz zustimmst, dann brauchst du nichts mehr zu sagen\u201c, sagte Fury.<\/p>\n<p><b>Usyk hat zugenommen: neue Fotos des ukrainischen Meisters<\/b><\/p>\n<p> Im September letzten Jahres schlug Usyk Joshua zu Hause und holte alle Titel.  An manchen Stellen im Kampf sah Anthony v\u00f6llig hilflos aus.<\/p>\n<p> Was Fury selbst betrifft, dass er im Oktober gegen Joyce antreten k\u00f6nnte: Arum ist bereit, den Kampf zu f\u00fchren.<\/p>\n<p><b>Um die interessantesten Neuigkeiten aus der Welt des Boxens und MMA nicht zu verpassen, abonnieren Sie uns unter<br \/>\n<!--noindex--><a rel=\"nofollow noopener\" target=\"_blank\" href=\"https:\/\/www.facebook.com\/WMMAA.org\"><span >Facebook<\/span><\/a><!--\/noindex-->  und<br \/>\n<!--noindex--><span >Google Nachrichten<\/span><!--\/noindex-->.<\/b><\/p>\n<\/div>\n","protected":false},"excerpt":{"rendered":"<p>Viele glauben, dass WBC-Schwergewichts-Champion Tyson Fury (32-0-1, 23 KOs) versucht sein k\u00f6nnte, seinen R\u00fccktritt zu beenden, indem er gegen seinen britischen Rivalen Anthony Joshua (24-2, 22 KOs) antritt, wenn er Oleksandr Usyk (19-0, 13 KOs) in einem R\u00fcckkampf am 20. August und wird den Rest der Divisionstitel zur\u00fcckerobern. Fury hingegen glaubt, dass es zu einem [&hellip;]<\/p>\n","protected":false},"author":1,"featured_media":187090,"comment_status":"","ping_status":"open","sticky":false,"template":"","format":"standard","meta":{"footnotes":""},"categories":[1213],"tags":[],"_links":{"self":[{"href":"https:\/\/wmmaa.org\/de\/wp-json\/wp\/v2\/posts\/187115"}],"collection":[{"href":"https:\/\/wmmaa.org\/de\/wp-json\/wp\/v2\/posts"}],"about":[{"href":"https:\/\/wmmaa.org\/de\/wp-json\/wp\/v2\/types\/post"}],"author":[{"embeddable":true,"href":"https:\/\/wmmaa.org\/de\/wp-json\/wp\/v2\/users\/1"}],"replies":[{"embeddable":true,"href":"https:\/\/wmmaa.org\/de\/wp-json\/wp\/v2\/comments?post=187115"}],"version-history":[{"count":0,"href":"https:\/\/wmmaa.org\/de\/wp-json\/wp\/v2\/posts\/187115\/revisions"}],"wp:featuredmedia":[{"embeddable":true,"href":"https:\/\/wmmaa.org\/de\/wp-json\/wp\/v2\/media\/187090"}],"wp:attachment":[{"href":"https:\/\/wmmaa.org\/de\/wp-json\/wp\/v2\/media?parent=187115"}],"wp:term":[{"taxonomy":"category","embeddable":true,"href":"https:\/\/wmmaa.org\/de\/wp-json\/wp\/v2\/categories?post=187115"},{"taxonomy":"post_tag","embeddable":true,"href":"https:\/\/wmmaa.org\/de\/wp-json\/wp\/v2\/tags?post=187115"}],"curies":[{"name":"wp","href":"https:\/\/api.w.org\/{rel}","templated":true}]}}