{"id":181578,"date":"2022-06-13T18:07:44","date_gmt":"2022-06-13T15:07:44","guid":{"rendered":"https:\/\/wmmaa.org\/usyk-ist-die-nummer-eins-im-pfund-und-ein-kampf-zwischen-joshua-und-fury-ist-im-dezember-moglich-hearn\/"},"modified":"2022-06-13T18:07:44","modified_gmt":"2022-06-13T15:07:44","slug":"usyk-ist-die-nummer-eins-im-pfund-und-ein-kampf-zwischen-joshua-und-fury-ist-im-dezember-moglich-hearn","status":"publish","type":"post","link":"https:\/\/wmmaa.org\/de\/usyk-ist-die-nummer-eins-im-pfund-und-ein-kampf-zwischen-joshua-und-fury-ist-im-dezember-moglich-hearn\/","title":{"rendered":"Usyk ist die Nummer eins im Pfund und ein Kampf zwischen Joshua und Fury ist im Dezember m\u00f6glich &#8211; Hearn"},"content":{"rendered":"<p><\/p>\n<div  itemprop=\"articleBody\">\n<p>\t Wenn sich im August Anthony Joshua (24-2, 22 KOs) an Oleksandr Usyk (19-0, 13 KOs) revanchieren kann, kommt es Ende dieses Jahres zwischen Joshua und Tyson zu einem Kampf um den Titel des absoluten Schwergewichts-Champions Fury (32-0-1, 23 KOs), trotz dessen Ank\u00fcndigung seines R\u00fccktritts.\n<\/p>\n<p>\t Dies erkl\u00e4rte der britische Promoter Eddie Hearn.\n<\/p>\n<p>\t \u201eIch denke, der Kampf zwischen Joshua und Fury wird immer relevant sein\u201c, schlug Hearn vor.  \u201eAlso, wenn ich die Stra\u00dfe entlang gehe, stellen mir die Leute auch heute noch Fragen: \u201eWann wird AJ gegen Fury k\u00e4mpfen?\u201c  Ich antworte: \u201eZuerst streitet er sich mit Usyk.\u201c  Und es folgt folgende Reaktion: \u201eOh, wirklich?\u201c  Nat\u00fcrlich m\u00f6chte niemand zwei Mal hintereinander verlieren, aber Usyk ist auch ein Pfundsk\u00e4mpfer und ich denke, er k\u00f6nnte im Moment die Nummer eins im P4P sein.\u201c\n<\/p>\n<p>\t \u201eDie Niederlage von Usyk hat nichts Schlimmes, und Fury ist immer relevant.  Der Kampf um den Titel des absoluten Weltmeisters (zwischen Joshua und Fury) w\u00e4re jedoch der gr\u00f6\u00dfte in der Geschichte des Sports.  Und ich denke, wenn Joshua Usyk schl\u00e4gt, werden Sie diesen Kampf[Joshua-Fury]im Dezember sehen\u201c, f\u00fcgte Eddie hinzu.\n<\/p>\n<p>\t Letzte Woche kaufte Tyson Fury Luxusautos und machte eine Karriereank\u00fcndigung.\n<\/p>\n<p>\n <i><span >Quelle: <\/span><\/i><br \/>\n\t<!--noindex--><a rel=\"nofollow noopener\" target=\"_blank\" href=\"https:\/\/www.thesun.co.uk\"><i><span >Die Sonne<\/span><\/i><\/a><!--\/noindex--><\/p>\n<\/p><\/div>\n","protected":false},"excerpt":{"rendered":"<p>Wenn sich im August Anthony Joshua (24-2, 22 KOs) an Oleksandr Usyk (19-0, 13 KOs) revanchieren kann, kommt es Ende dieses Jahres zwischen Joshua und Tyson zu einem Kampf um den Titel des absoluten Schwergewichts-Champions Fury (32-0-1, 23 KOs), trotz dessen Ank\u00fcndigung seines R\u00fccktritts. Dies erkl\u00e4rte der britische Promoter Eddie Hearn. \u201eIch denke, der Kampf [&hellip;]<\/p>\n","protected":false},"author":1,"featured_media":181566,"comment_status":"","ping_status":"open","sticky":false,"template":"","format":"standard","meta":{"footnotes":""},"categories":[1213],"tags":[],"_links":{"self":[{"href":"https:\/\/wmmaa.org\/de\/wp-json\/wp\/v2\/posts\/181578"}],"collection":[{"href":"https:\/\/wmmaa.org\/de\/wp-json\/wp\/v2\/posts"}],"about":[{"href":"https:\/\/wmmaa.org\/de\/wp-json\/wp\/v2\/types\/post"}],"author":[{"embeddable":true,"href":"https:\/\/wmmaa.org\/de\/wp-json\/wp\/v2\/users\/1"}],"replies":[{"embeddable":true,"href":"https:\/\/wmmaa.org\/de\/wp-json\/wp\/v2\/comments?post=181578"}],"version-history":[{"count":0,"href":"https:\/\/wmmaa.org\/de\/wp-json\/wp\/v2\/posts\/181578\/revisions"}],"wp:featuredmedia":[{"embeddable":true,"href":"https:\/\/wmmaa.org\/de\/wp-json\/wp\/v2\/media\/181566"}],"wp:attachment":[{"href":"https:\/\/wmmaa.org\/de\/wp-json\/wp\/v2\/media?parent=181578"}],"wp:term":[{"taxonomy":"category","embeddable":true,"href":"https:\/\/wmmaa.org\/de\/wp-json\/wp\/v2\/categories?post=181578"},{"taxonomy":"post_tag","embeddable":true,"href":"https:\/\/wmmaa.org\/de\/wp-json\/wp\/v2\/tags?post=181578"}],"curies":[{"name":"wp","href":"https:\/\/api.w.org\/{rel}","templated":true}]}}