{"id":170520,"date":"2022-06-02T18:57:10","date_gmt":"2022-06-02T15:57:10","guid":{"rendered":"https:\/\/wmmaa.org\/vladimir-mineev-kundigte-die-absage-des-kampfes-mit-timur-nikulin-an\/"},"modified":"2022-06-02T18:57:10","modified_gmt":"2022-06-02T15:57:10","slug":"vladimir-mineev-kundigte-die-absage-des-kampfes-mit-timur-nikulin-an","status":"publish","type":"post","link":"https:\/\/wmmaa.org\/de\/vladimir-mineev-kundigte-die-absage-des-kampfes-mit-timur-nikulin-an\/","title":{"rendered":"Vladimir Mineev k\u00fcndigte die Absage des Kampfes mit Timur Nikulin an"},"content":{"rendered":"<div id=\"feat-img-reg\" class=\"relative\">\n<\/div>\n<div class=\"itemIntroText\">\n<p>Zehn Tage nachdem Vladimir Mineev die Verschiebung des Boxkampfs gegen Timur Nikulin angek\u00fcndigt hatte, wurde der Kampf zwischen den russischen K\u00e4mpfern endg\u00fcltig abgesagt.<\/p>\n<\/div>\n<div class=\"yandex_rtb_wrapper\">\n<div id=\"yandex_rtb_R-A-108029-34\"><\/div>\n<\/div>\n<div class=\"itemFullText\">\n<p>Das teilte der amtierende Champion der AMC Fight Nights im Mittelgewicht seinen Fans in den sozialen Netzwerken mit.<\/p>\n<blockquote>\n<p>\u201eEin paar Worte zur angek\u00fcndigten Konfrontation mit Nikulin\u201c, sagte Mineev in einem ver\u00f6ffentlichten Video.  &#8222;Der Kampf wurde abgesagt.  Dieser Typ hat nicht wirklich trainiert, er konnte nicht einmal genug sagen, um an ihn zu glauben.  Also lass ihn weiter trainieren und weiter Bl\u00f6dsinn reden, aber ich bin offen f\u00fcr interessantere Vorschl\u00e4ge.\u201c<\/p>\n<\/blockquote>\n<p>Zun\u00e4chst war davon ausgegangen worden, dass der auf sechs Runden \u00e0 drei Minuten ausgelegte Boxkampf zwischen Mineev und Nikulin am 12. Juni das Druzhina-Aufstiegsturnier in Moskau anf\u00fchren wird.<\/p>\n<p>Laut Mineev sollte sein Honorar f\u00fcr den Kampf 15 Millionen Rubel betragen, und er w\u00fcrde den Kampf seinem Bruder widmen, der w\u00e4hrend einer milit\u00e4rischen Spezialoperation in der Ukraine starb.<\/p>\n<\/p><\/div>\n<p>    .<\/p>\n","protected":false},"excerpt":{"rendered":"<p>Zehn Tage nachdem Vladimir Mineev die Verschiebung des Boxkampfs gegen Timur Nikulin angek\u00fcndigt hatte, wurde der Kampf zwischen den russischen K\u00e4mpfern endg\u00fcltig abgesagt. Das teilte der amtierende Champion der AMC Fight Nights im Mittelgewicht seinen Fans in den sozialen Netzwerken mit. \u201eEin paar Worte zur angek\u00fcndigten Konfrontation mit Nikulin\u201c, sagte Mineev in einem ver\u00f6ffentlichten Video. [&hellip;]<\/p>\n","protected":false},"author":1,"featured_media":170509,"comment_status":"","ping_status":"open","sticky":false,"template":"","format":"standard","meta":{"footnotes":""},"categories":[1],"tags":[2308,466],"_links":{"self":[{"href":"https:\/\/wmmaa.org\/de\/wp-json\/wp\/v2\/posts\/170520"}],"collection":[{"href":"https:\/\/wmmaa.org\/de\/wp-json\/wp\/v2\/posts"}],"about":[{"href":"https:\/\/wmmaa.org\/de\/wp-json\/wp\/v2\/types\/post"}],"author":[{"embeddable":true,"href":"https:\/\/wmmaa.org\/de\/wp-json\/wp\/v2\/users\/1"}],"replies":[{"embeddable":true,"href":"https:\/\/wmmaa.org\/de\/wp-json\/wp\/v2\/comments?post=170520"}],"version-history":[{"count":0,"href":"https:\/\/wmmaa.org\/de\/wp-json\/wp\/v2\/posts\/170520\/revisions"}],"wp:featuredmedia":[{"embeddable":true,"href":"https:\/\/wmmaa.org\/de\/wp-json\/wp\/v2\/media\/170509"}],"wp:attachment":[{"href":"https:\/\/wmmaa.org\/de\/wp-json\/wp\/v2\/media?parent=170520"}],"wp:term":[{"taxonomy":"category","embeddable":true,"href":"https:\/\/wmmaa.org\/de\/wp-json\/wp\/v2\/categories?post=170520"},{"taxonomy":"post_tag","embeddable":true,"href":"https:\/\/wmmaa.org\/de\/wp-json\/wp\/v2\/tags?post=170520"}],"curies":[{"name":"wp","href":"https:\/\/api.w.org\/{rel}","templated":true}]}}