{"id":137566,"date":"2022-04-21T11:53:54","date_gmt":"2022-04-21T08:53:54","guid":{"rendered":"https:\/\/wmmaa.org\/fedor-emelianenko-reagierte-auf-die-behauptungen-von-corey-anderson\/"},"modified":"2022-04-21T11:53:54","modified_gmt":"2022-04-21T08:53:54","slug":"fedor-emelianenko-reagierte-auf-die-behauptungen-von-corey-anderson","status":"publish","type":"post","link":"https:\/\/wmmaa.org\/de\/fedor-emelianenko-reagierte-auf-die-behauptungen-von-corey-anderson\/","title":{"rendered":"Fedor Emelianenko reagierte auf die Behauptungen von Corey Anderson"},"content":{"rendered":"<div id=\"feat-img-reg\" class=\"relative\">\n<\/div>\n<div class=\"itemIntroText\">\n<p>Der legend\u00e4re russische Schwergewichtler Fedor Emelianenko hat verweigert, mit Corey Anderson gesprochen zu haben, nachdem der Kampf des Amerikaners mit Vadim Nemkov in der dritten Runde wegen einer Schnittwunde des russischen K\u00e4mpfers bei einem Kopfsto\u00df am Boden abgebrochen worden war.<\/p>\n<\/div>\n<div class=\"yandex_rtb_wrapper\">\n<div id=\"yandex_rtb_R-A-108029-34\"><\/div>\n<\/div>\n<div class=\"itemFullText\">\n<blockquote>\n<p>\u201eNach dem Kampf kamen wir uns nicht einmal nahe genug, um uns zu unterhalten\u201c, sagte Emelianenko in einem Interview mit einem Sportbeobachter. <a rel=\"nofollow noopener\" target=\"_blank\" href=\"https:\/\/t.me\/IgorKakDela1\/2671\">Igor Lasorin<\/a>.  \u201eUnd wenn es ein Unfall war, ein Kopfsto\u00df, dann gib zu, dass dieser Unfall deine Schuld war, weil du eine verbotene Technik ausgef\u00fchrt hast.  Warum sich dann freuen und so handeln?  Doch nach dem Kampf zeigte er sich unzufrieden mit dem bekannt gegebenen Ergebnis.  Ich habe ihm nach dem Kampf mit einer Geste gezeigt, dass er einen illegalen Kopfsto\u00df ausgef\u00fchrt hat.  Und erst danach n\u00e4herte er sich Vadim, sch\u00fcttelte ihm die Hand und sagte, es sei sein Foul.  Wir sch\u00fcttelten uns die H\u00e4nde und trennten uns.&#8220;<\/p>\n<\/blockquote>\n<p>Zuvor hatte Anderson in beleidigender Weise Emelianenko angesprochen, der sich laut dem US-Amerikaner nach dem Kampf nicht respektvoll genug verhalten und ihm wegen eines Kopfsto\u00dfes Schaden zugef\u00fcgt habe.<\/p>\n<p>Erinnern Sie sich daran, dass der erneute Kampf zwischen den Halbschwergewichten, bei dem es um den Bellator-Meisterschaftsg\u00fcrtel, den Grand-Prix-Titel und eine Million Dollar geht, vorl\u00e4ufig f\u00fcr den Sommer dieses Jahres geplant ist.<\/p>\n<\/p><\/div>\n<p>    .<\/p>\n","protected":false},"excerpt":{"rendered":"<p>Der legend\u00e4re russische Schwergewichtler Fedor Emelianenko hat verweigert, mit Corey Anderson gesprochen zu haben, nachdem der Kampf des Amerikaners mit Vadim Nemkov in der dritten Runde wegen einer Schnittwunde des russischen K\u00e4mpfers bei einem Kopfsto\u00df am Boden abgebrochen worden war. \u201eNach dem Kampf kamen wir uns nicht einmal nahe genug, um uns zu unterhalten\u201c, sagte [&hellip;]<\/p>\n","protected":false},"author":1,"featured_media":137554,"comment_status":"","ping_status":"open","sticky":false,"template":"","format":"standard","meta":{"footnotes":""},"categories":[1],"tags":[272,259,1630],"_links":{"self":[{"href":"https:\/\/wmmaa.org\/de\/wp-json\/wp\/v2\/posts\/137566"}],"collection":[{"href":"https:\/\/wmmaa.org\/de\/wp-json\/wp\/v2\/posts"}],"about":[{"href":"https:\/\/wmmaa.org\/de\/wp-json\/wp\/v2\/types\/post"}],"author":[{"embeddable":true,"href":"https:\/\/wmmaa.org\/de\/wp-json\/wp\/v2\/users\/1"}],"replies":[{"embeddable":true,"href":"https:\/\/wmmaa.org\/de\/wp-json\/wp\/v2\/comments?post=137566"}],"version-history":[{"count":0,"href":"https:\/\/wmmaa.org\/de\/wp-json\/wp\/v2\/posts\/137566\/revisions"}],"wp:featuredmedia":[{"embeddable":true,"href":"https:\/\/wmmaa.org\/de\/wp-json\/wp\/v2\/media\/137554"}],"wp:attachment":[{"href":"https:\/\/wmmaa.org\/de\/wp-json\/wp\/v2\/media?parent=137566"}],"wp:term":[{"taxonomy":"category","embeddable":true,"href":"https:\/\/wmmaa.org\/de\/wp-json\/wp\/v2\/categories?post=137566"},{"taxonomy":"post_tag","embeddable":true,"href":"https:\/\/wmmaa.org\/de\/wp-json\/wp\/v2\/tags?post=137566"}],"curies":[{"name":"wp","href":"https:\/\/api.w.org\/{rel}","templated":true}]}}