{"id":117798,"date":"2022-03-06T12:52:35","date_gmt":"2022-03-06T10:52:35","guid":{"rendered":"https:\/\/wmmaa.org\/khamzat-chimaev-reagierte-auf-den-kampf-zwischen-covington-und-masvidal\/"},"modified":"2022-03-06T12:52:35","modified_gmt":"2022-03-06T10:52:35","slug":"khamzat-chimaev-reagierte-auf-den-kampf-zwischen-covington-und-masvidal","status":"publish","type":"post","link":"https:\/\/wmmaa.org\/de\/khamzat-chimaev-reagierte-auf-den-kampf-zwischen-covington-und-masvidal\/","title":{"rendered":"Khamzat Chimaev reagierte auf den Kampf zwischen Covington und Masvidal"},"content":{"rendered":"<div id=\"feat-img-reg\" class=\"relative\">\n<\/div>\n<div class=\"itemIntroText\">\n<p>Khamzat Chimaev, UFC-Weltergewichtsnummer 11, der mit Darren Till an UFC 272 in Las Vegas teilnahm, war vom Kampf zwischen Colby Covington und Jorge Masvidal, der die Veranstaltung leitete, nicht begeistert.<\/p>\n<\/div>\n<div class=\"yandex_rtb_wrapper\">\n<div id=\"yandex_rtb_R-A-108029-34\"><\/div>\n<\/div>\n<div class=\"itemFullText\">\n<blockquote>\n<p>\u201eKein Kampf, sondern kompletter Bl\u00f6dsinn!\u201c, schrieb der tschetschenische K\u00e4mpfer auf Twitter.<\/p>\n<\/blockquote>\n<p>Denken Sie daran, dass der Kampf der ehemaligen Anw\u00e4rter auf den UFC-Titel \u00fcber die gesamte Distanz ging und mit dem einstimmigen Sieg von Covington endete.<\/p>\n<p>Khamzat Chimaev wird seinen n\u00e4chsten Kampf am 9. April bei UFC 273 in Jacksonville gegen Gilbert Burns, die Nummer zwei der Division, bestreiten, und UFC-Pr\u00e4sidentin Dana White hat nicht ausgeschlossen, dass der Kampf Anw\u00e4rterstatus haben wird.<\/p>\n<\/p><\/div>\n<p>    .<\/p>\n","protected":false},"excerpt":{"rendered":"<p>Khamzat Chimaev, UFC-Weltergewichtsnummer 11, der mit Darren Till an UFC 272 in Las Vegas teilnahm, war vom Kampf zwischen Colby Covington und Jorge Masvidal, der die Veranstaltung leitete, nicht begeistert. \u201eKein Kampf, sondern kompletter Bl\u00f6dsinn!\u201c, schrieb der tschetschenische K\u00e4mpfer auf Twitter. Denken Sie daran, dass der Kampf der ehemaligen Anw\u00e4rter auf den UFC-Titel \u00fcber die [&hellip;]<\/p>\n","protected":false},"author":1,"featured_media":117784,"comment_status":"","ping_status":"open","sticky":false,"template":"","format":"standard","meta":{"footnotes":""},"categories":[1],"tags":[1244,28,1525],"_links":{"self":[{"href":"https:\/\/wmmaa.org\/de\/wp-json\/wp\/v2\/posts\/117798"}],"collection":[{"href":"https:\/\/wmmaa.org\/de\/wp-json\/wp\/v2\/posts"}],"about":[{"href":"https:\/\/wmmaa.org\/de\/wp-json\/wp\/v2\/types\/post"}],"author":[{"embeddable":true,"href":"https:\/\/wmmaa.org\/de\/wp-json\/wp\/v2\/users\/1"}],"replies":[{"embeddable":true,"href":"https:\/\/wmmaa.org\/de\/wp-json\/wp\/v2\/comments?post=117798"}],"version-history":[{"count":0,"href":"https:\/\/wmmaa.org\/de\/wp-json\/wp\/v2\/posts\/117798\/revisions"}],"wp:featuredmedia":[{"embeddable":true,"href":"https:\/\/wmmaa.org\/de\/wp-json\/wp\/v2\/media\/117784"}],"wp:attachment":[{"href":"https:\/\/wmmaa.org\/de\/wp-json\/wp\/v2\/media?parent=117798"}],"wp:term":[{"taxonomy":"category","embeddable":true,"href":"https:\/\/wmmaa.org\/de\/wp-json\/wp\/v2\/categories?post=117798"},{"taxonomy":"post_tag","embeddable":true,"href":"https:\/\/wmmaa.org\/de\/wp-json\/wp\/v2\/tags?post=117798"}],"curies":[{"name":"wp","href":"https:\/\/api.w.org\/{rel}","templated":true}]}}