{"id":116693,"date":"2022-03-04T10:12:26","date_gmt":"2022-03-04T08:12:26","guid":{"rendered":"https:\/\/wmmaa.org\/rafael-dos-anjos-ich-habe-auf-makhachevs-bluff-geantwortet-und-er-hat-gefoldet\/"},"modified":"2022-03-04T10:12:26","modified_gmt":"2022-03-04T08:12:26","slug":"rafael-dos-anjos-ich-habe-auf-makhachevs-bluff-geantwortet-und-er-hat-gefoldet","status":"publish","type":"post","link":"https:\/\/wmmaa.org\/de\/rafael-dos-anjos-ich-habe-auf-makhachevs-bluff-geantwortet-und-er-hat-gefoldet\/","title":{"rendered":"Rafael dos Anjos: &#8222;Ich habe auf Makhachevs Bluff geantwortet und er hat gefoldet&#8220;"},"content":{"rendered":"<div id=\"feat-img-reg\" class=\"relative\">\n<\/div>\n<div class=\"itemIntroText\">\n<p>Der fr\u00fchere UFC-Leichtgewichts-Champion Rafael dos Anjos reagierte auf die Worte von UFC-Pr\u00e4sidentin Dana White, die bekannt gab, dass Islam Makhachev, der sich freiwillig als Ersatz f\u00fcr Rafael Fiziev gemeldet hatte, der an Covid erkrankt war, sich schlie\u00dflich weigerte, gegen den Brasilianer zu k\u00e4mpfen.<\/p>\n<\/div>\n<div class=\"yandex_rtb_wrapper\">\n<div id=\"yandex_rtb_R-A-108029-34\"><\/div>\n<\/div>\n<div class=\"itemFullText\">\n<blockquote>\n<p>\u201eDie Wahrheit kommt immer ans Licht!\u201c, twitterte RDA und zitierte den UFC-Pr\u00e4sidenten.  \u201eIch habe seinen Bluff gecallt und er hat gefoldet.  Lass uns weitermachen!&#8220;<\/p>\n<\/blockquote>\n<p>In einem Interview mit Ag Fight sagte der ehemalige UFC-Champion, dass er bereit sei, den Kampf mit Makhachev zu seinen Bedingungen aufzunehmen.<\/p>\n<blockquote>\n<p>&#8222;Ich w\u00fcrde nicht einmal den Namen des Typen nennen wollen&#8220;, sagte Dos Anjos.  \u201eWas er getan hat, war wirklich respektlos.  Er sagte so viel im Internet, er sagte, dass er bereit sei, im Weltergewicht zu k\u00e4mpfen.  Tats\u00e4chlich hatte ich bereits dieses Gewicht und stimmte zu, zu seinen Bedingungen zu k\u00e4mpfen, aber er rannte davon.  Jetzt hat er es nicht verdient, \u00fcberhaupt dar\u00fcber gesprochen zu werden.  Ich respektiere Moicano.  Er ging hinaus und nahm den Kampf auf.&#8220;<\/p>\n<p>\u201eDer Islam bot an, im Weltergewicht zu k\u00e4mpfen, ich sagte, ich wollte ein mittleres Gewicht, aber am Ende stimmte ich 77 kg zu.  Sie z\u00f6gerten mit einer Antwort, aber am Morgen sagten sie mir, dass der Kampf angenommen wurde.  Ich war bereit, mit dem Essen zu beginnen, aber eine Stunde sp\u00e4ter fand ich heraus, dass sie sich weigerten, und setzte die Gewichtsreduktion fort.<\/p>\n<\/blockquote>\n<p>Denken Sie daran, dass der Kampf zwischen Rafael dos Anjos und Renato Moicano am 5. M\u00e4rz bei UFC 272 in Las Vegas stattfinden wird.<\/p>\n<\/p><\/div>\n<p>    .<\/p>\n","protected":false},"excerpt":{"rendered":"<p>Der fr\u00fchere UFC-Leichtgewichts-Champion Rafael dos Anjos reagierte auf die Worte von UFC-Pr\u00e4sidentin Dana White, die bekannt gab, dass Islam Makhachev, der sich freiwillig als Ersatz f\u00fcr Rafael Fiziev gemeldet hatte, der an Covid erkrankt war, sich schlie\u00dflich weigerte, gegen den Brasilianer zu k\u00e4mpfen. \u201eDie Wahrheit kommt immer ans Licht!\u201c, twitterte RDA und zitierte den UFC-Pr\u00e4sidenten. [&hellip;]<\/p>\n","protected":false},"author":1,"featured_media":116681,"comment_status":"","ping_status":"open","sticky":false,"template":"","format":"standard","meta":{"footnotes":""},"categories":[1],"tags":[1360,1002],"_links":{"self":[{"href":"https:\/\/wmmaa.org\/de\/wp-json\/wp\/v2\/posts\/116693"}],"collection":[{"href":"https:\/\/wmmaa.org\/de\/wp-json\/wp\/v2\/posts"}],"about":[{"href":"https:\/\/wmmaa.org\/de\/wp-json\/wp\/v2\/types\/post"}],"author":[{"embeddable":true,"href":"https:\/\/wmmaa.org\/de\/wp-json\/wp\/v2\/users\/1"}],"replies":[{"embeddable":true,"href":"https:\/\/wmmaa.org\/de\/wp-json\/wp\/v2\/comments?post=116693"}],"version-history":[{"count":0,"href":"https:\/\/wmmaa.org\/de\/wp-json\/wp\/v2\/posts\/116693\/revisions"}],"wp:featuredmedia":[{"embeddable":true,"href":"https:\/\/wmmaa.org\/de\/wp-json\/wp\/v2\/media\/116681"}],"wp:attachment":[{"href":"https:\/\/wmmaa.org\/de\/wp-json\/wp\/v2\/media?parent=116693"}],"wp:term":[{"taxonomy":"category","embeddable":true,"href":"https:\/\/wmmaa.org\/de\/wp-json\/wp\/v2\/categories?post=116693"},{"taxonomy":"post_tag","embeddable":true,"href":"https:\/\/wmmaa.org\/de\/wp-json\/wp\/v2\/tags?post=116693"}],"curies":[{"name":"wp","href":"https:\/\/api.w.org\/{rel}","templated":true}]}}