{"id":116192,"date":"2022-03-03T09:25:31","date_gmt":"2022-03-03T07:25:31","guid":{"rendered":"https:\/\/wmmaa.org\/ufc-prasident-reagiert-auf-die-verhaftung-von-cain-velasquez\/"},"modified":"2022-03-03T09:25:31","modified_gmt":"2022-03-03T07:25:31","slug":"ufc-prasident-reagiert-auf-die-verhaftung-von-cain-velasquez","status":"publish","type":"post","link":"https:\/\/wmmaa.org\/de\/ufc-prasident-reagiert-auf-die-verhaftung-von-cain-velasquez\/","title":{"rendered":"UFC-Pr\u00e4sident reagiert auf die Verhaftung von Cain Velasquez"},"content":{"rendered":"<div id=\"feat-img-reg\" class=\"relative\">\n<\/div>\n<div class=\"itemIntroText\">\n<p>UFC-Pr\u00e4sidentin Dana White kommentierte Informationen \u00fcber die Verhaftung von Cain Velasquez, dem wegen versuchten Mordes an einem Kindersch\u00e4nder seiner Familie lebenslange Haft droht.<\/p>\n<\/div>\n<div class=\"yandex_rtb_wrapper\">\n<div id=\"yandex_rtb_R-A-108029-34\"><\/div>\n<\/div>\n<div class=\"itemFullText\">\n<blockquote>\n<p>\u201eOffensichtlich tut er mir und seiner Familie leid\u201c, sagte der Leiter der Organisation in einem Interview mit Barstool Sports.  &#8222;Es ist schrecklich.  Ich kenne die Details nicht, um dar\u00fcber zu sprechen, aber nach dem, was ich geh\u00f6rt habe, sind wir uns alle einig, dass wir dasselbe tun w\u00fcrden, wenn uns das passieren w\u00fcrde.  Und Kane hat es geschafft.&#8220;<\/p>\n<\/blockquote>\n<p>Vor drei Tagen wurde der ehemalige UFC-Schwergewichts-Champion Cain Velasquez verhaftet, weil er einen gewissen Harry Eugene Gularte angegriffen hatte, dessen Auto er auf der Autobahn erschoss, nachdem er es gerammt hatte.<\/p>\n<p>Gularte, der mit seiner Mutter eine private Kindertagesst\u00e4tte besitzt, wurde am vergangenen Freitag wegen \u201eobsz\u00f6nen und verdorbenen Verhaltens gegen\u00fcber einem Kind unter 14 Jahren\u201c angeklagt, zahlte aber trotz Einw\u00e4nden der Staatsanwaltschaft eine Kaution und kam frei.<\/p>\n<p>In dem Auto, das Velasquez erschoss, befanden sich drei Personen, darunter der 63-j\u00e4hrige Stiefvater Gularte, der nicht lebensbedrohliche Verletzungen an Arm und Oberk\u00f6rper erlitt.  Gleichzeitig wurden Gularte selbst und die zweite Person nicht verletzt.<\/p>\n<\/p><\/div>\n<p>    .<\/p>\n","protected":false},"excerpt":{"rendered":"<p>UFC-Pr\u00e4sidentin Dana White kommentierte Informationen \u00fcber die Verhaftung von Cain Velasquez, dem wegen versuchten Mordes an einem Kindersch\u00e4nder seiner Familie lebenslange Haft droht. \u201eOffensichtlich tut er mir und seiner Familie leid\u201c, sagte der Leiter der Organisation in einem Interview mit Barstool Sports. &#8222;Es ist schrecklich. Ich kenne die Details nicht, um dar\u00fcber zu sprechen, aber [&hellip;]<\/p>\n","protected":false},"author":1,"featured_media":116193,"comment_status":"","ping_status":"open","sticky":false,"template":"","format":"standard","meta":{"footnotes":""},"categories":[1],"tags":[1337,1816],"_links":{"self":[{"href":"https:\/\/wmmaa.org\/de\/wp-json\/wp\/v2\/posts\/116192"}],"collection":[{"href":"https:\/\/wmmaa.org\/de\/wp-json\/wp\/v2\/posts"}],"about":[{"href":"https:\/\/wmmaa.org\/de\/wp-json\/wp\/v2\/types\/post"}],"author":[{"embeddable":true,"href":"https:\/\/wmmaa.org\/de\/wp-json\/wp\/v2\/users\/1"}],"replies":[{"embeddable":true,"href":"https:\/\/wmmaa.org\/de\/wp-json\/wp\/v2\/comments?post=116192"}],"version-history":[{"count":0,"href":"https:\/\/wmmaa.org\/de\/wp-json\/wp\/v2\/posts\/116192\/revisions"}],"wp:featuredmedia":[{"embeddable":true,"href":"https:\/\/wmmaa.org\/de\/wp-json\/wp\/v2\/media\/116193"}],"wp:attachment":[{"href":"https:\/\/wmmaa.org\/de\/wp-json\/wp\/v2\/media?parent=116192"}],"wp:term":[{"taxonomy":"category","embeddable":true,"href":"https:\/\/wmmaa.org\/de\/wp-json\/wp\/v2\/categories?post=116192"},{"taxonomy":"post_tag","embeddable":true,"href":"https:\/\/wmmaa.org\/de\/wp-json\/wp\/v2\/tags?post=116192"}],"curies":[{"name":"wp","href":"https:\/\/api.w.org\/{rel}","templated":true}]}}