{"id":105460,"date":"2022-02-08T09:47:16","date_gmt":"2022-02-08T07:47:16","guid":{"rendered":"https:\/\/wmmaa.org\/emelianenko-reagierte-auf-nemkovs-aussage-uber-den-wechsel-zur-ufc\/"},"modified":"2022-02-08T09:47:16","modified_gmt":"2022-02-08T07:47:16","slug":"emelianenko-reagierte-auf-nemkovs-aussage-uber-den-wechsel-zur-ufc","status":"publish","type":"post","link":"https:\/\/wmmaa.org\/de\/emelianenko-reagierte-auf-nemkovs-aussage-uber-den-wechsel-zur-ufc\/","title":{"rendered":"Emelianenko reagierte auf Nemkovs Aussage \u00fcber den Wechsel zur UFC"},"content":{"rendered":"<div id=\"feat-img-reg\" class=\"relative\">\n<\/div>\n<div class=\"itemIntroText\">\n<p>Der legend\u00e4re russische Schwergewichtler Fedor Emelianenko kommentierte die Aussage seines Sch\u00fclers Vadim Nemkov, dass er sich gerne unter dem UFC-Banner versuchen w\u00fcrde.<\/p>\n<\/div>\n<div class=\"itemFullText\">\n<blockquote>\n<p>\u201eEs gibt Angst um Vadim\u201c, sagte The Last Emperor in einem Interview <a rel=\"nofollow noopener\" target=\"_blank\" href=\"https:\/\/tass.ru\/interviews\/13632415\">TASS<\/a>.  \u201eWir wissen, wie die UFC K\u00e4mpfer behandelt, wenn es ihnen passt.  Derselbe Andrei Orlovsky zum Beispiel bekam keine K\u00e4mpfe und wurde nicht freigelassen.  Ich erinnere mich, dass es so einen Skandal gab, und nicht nur mit Andrei.  Nicht alles ist kulturell und anst\u00e4ndig.  Wahrscheinlich hat jeder K\u00e4mpfer eine \u00e4hnliche Erinnerung an die Zusammenarbeit mit dieser Organisation.  Aber wenn Vadim sich entscheidet, dort aufzutreten, werden wir ihn unterst\u00fctzen.  Was mich betrifft, ich habe nie Beziehungen gegen Geld eingetauscht, Beziehungen sind \u00fcber alles.<\/p>\n<\/blockquote>\n<p>Der 29-j\u00e4hrige Vadim Nemkov besitzt den Bellator-Titel und wird seinen n\u00e4chsten Kampf im Halbschwergewichts-Grand-Prix bestreiten, in dessen letztem Match der Russe gegen den Amerikaner Cory Anderson antreten wird.<\/p>\n<\/p><\/div>\n<p>    .<\/p>\n","protected":false},"excerpt":{"rendered":"<p>Der legend\u00e4re russische Schwergewichtler Fedor Emelianenko kommentierte die Aussage seines Sch\u00fclers Vadim Nemkov, dass er sich gerne unter dem UFC-Banner versuchen w\u00fcrde. \u201eEs gibt Angst um Vadim\u201c, sagte The Last Emperor in einem Interview TASS. \u201eWir wissen, wie die UFC K\u00e4mpfer behandelt, wenn es ihnen passt. Derselbe Andrei Orlovsky zum Beispiel bekam keine K\u00e4mpfe und [&hellip;]<\/p>\n","protected":false},"author":1,"featured_media":105446,"comment_status":"","ping_status":"open","sticky":false,"template":"","format":"standard","meta":{"footnotes":""},"categories":[1],"tags":[259,1630],"_links":{"self":[{"href":"https:\/\/wmmaa.org\/de\/wp-json\/wp\/v2\/posts\/105460"}],"collection":[{"href":"https:\/\/wmmaa.org\/de\/wp-json\/wp\/v2\/posts"}],"about":[{"href":"https:\/\/wmmaa.org\/de\/wp-json\/wp\/v2\/types\/post"}],"author":[{"embeddable":true,"href":"https:\/\/wmmaa.org\/de\/wp-json\/wp\/v2\/users\/1"}],"replies":[{"embeddable":true,"href":"https:\/\/wmmaa.org\/de\/wp-json\/wp\/v2\/comments?post=105460"}],"version-history":[{"count":0,"href":"https:\/\/wmmaa.org\/de\/wp-json\/wp\/v2\/posts\/105460\/revisions"}],"wp:featuredmedia":[{"embeddable":true,"href":"https:\/\/wmmaa.org\/de\/wp-json\/wp\/v2\/media\/105446"}],"wp:attachment":[{"href":"https:\/\/wmmaa.org\/de\/wp-json\/wp\/v2\/media?parent=105460"}],"wp:term":[{"taxonomy":"category","embeddable":true,"href":"https:\/\/wmmaa.org\/de\/wp-json\/wp\/v2\/categories?post=105460"},{"taxonomy":"post_tag","embeddable":true,"href":"https:\/\/wmmaa.org\/de\/wp-json\/wp\/v2\/tags?post=105460"}],"curies":[{"name":"wp","href":"https:\/\/api.w.org\/{rel}","templated":true}]}}