{"id":101974,"date":"2022-01-30T21:51:43","date_gmt":"2022-01-30T19:51:43","guid":{"rendered":"https:\/\/wmmaa.org\/vadim-nemkov-reagierte-auf-die-niederlage-von-valentin-moldavsky\/"},"modified":"2022-01-30T21:51:43","modified_gmt":"2022-01-30T19:51:43","slug":"vadim-nemkov-reagierte-auf-die-niederlage-von-valentin-moldavsky","status":"publish","type":"post","link":"https:\/\/wmmaa.org\/de\/vadim-nemkov-reagierte-auf-die-niederlage-von-valentin-moldavsky\/","title":{"rendered":"Vadim Nemkov reagierte auf die Niederlage von Valentin Moldavsky"},"content":{"rendered":"<div id=\"feat-img-reg\" class=\"relative\">\n<\/div>\n<div class=\"itemIntroText\">\n<p>Der amtierende Bellator-Champion im Halbschwergewicht, Vadim Nemkov, kommentierte den Verlust seines Teamkollegen Valentin Moldavsky, der in einem Vereinigungskampf eine einstimmige Entscheidung gegen Ryan Bader verlor, der den Titel im Schwergewicht von Bellator besitzt.<\/p>\n<\/div>\n<div class=\"itemFullText\">\n<blockquote>\n<p>\u201eIch glaube, dass dies eine unfaire Entscheidung ist\u201c, sagte Nemkow in einem Interview mit dem Sender <a rel=\"nofollow noopener\" target=\"_blank\" href=\"https:\/\/www.youtube.com\/watch?v=J_UxqGam6wU\">&#8222;Uschataika&#8220;<\/a>.  \u201eIch denke, 3-2 in Runden hat Valentin den Kampf gewonnen.  Vermutlich aufgrund der Tatsache, dass Bader in der ersten Runde gut getroffen hat und am Ende ein Treffer war, gaben ihm die Richter den Kampf.  Au\u00dferdem haben sie bei Bader zu Hause gek\u00e4mpft, er lebt in diesem Bundesstaat, und Heimschiedsrichter sind keine Spekulation.  Wenn K\u00e4mpfer aus anderen L\u00e4ndern zu uns kommen, geben sie Ausl\u00e4ndern in gleichwertigen Schlachten selten den Sieg.  Und so ist es hier passiert&#8220;<\/p>\n<\/blockquote>\n<p>Gleichzeitig behauptet Nemkov, der Bader einst den G\u00fcrtel im Halbschwergewicht weggenommen hatte, dass er nicht vorhabe, sich f\u00fcr seinen Teamkollegen an dem Amerikaner zu r\u00e4chen.<\/p>\n<blockquote>\n<p>\u201eSolche Gedanken gab es nicht.  Ich habe das Grand-Prix-Finale mit Corey Anderson vor mir \u2013 ich denke nur daran.\u201c<\/p>\n<\/blockquote><\/div>\n<p>    .<\/p>\n","protected":false},"excerpt":{"rendered":"<p>Der amtierende Bellator-Champion im Halbschwergewicht, Vadim Nemkov, kommentierte den Verlust seines Teamkollegen Valentin Moldavsky, der in einem Vereinigungskampf eine einstimmige Entscheidung gegen Ryan Bader verlor, der den Titel im Schwergewicht von Bellator besitzt. \u201eIch glaube, dass dies eine unfaire Entscheidung ist\u201c, sagte Nemkow in einem Interview mit dem Sender &#8222;Uschataika&#8220;. \u201eIch denke, 3-2 in Runden [&hellip;]<\/p>\n","protected":false},"author":1,"featured_media":101962,"comment_status":"","ping_status":"open","sticky":false,"template":"","format":"standard","meta":{"footnotes":""},"categories":[1],"tags":[273,442,1630],"_links":{"self":[{"href":"https:\/\/wmmaa.org\/de\/wp-json\/wp\/v2\/posts\/101974"}],"collection":[{"href":"https:\/\/wmmaa.org\/de\/wp-json\/wp\/v2\/posts"}],"about":[{"href":"https:\/\/wmmaa.org\/de\/wp-json\/wp\/v2\/types\/post"}],"author":[{"embeddable":true,"href":"https:\/\/wmmaa.org\/de\/wp-json\/wp\/v2\/users\/1"}],"replies":[{"embeddable":true,"href":"https:\/\/wmmaa.org\/de\/wp-json\/wp\/v2\/comments?post=101974"}],"version-history":[{"count":0,"href":"https:\/\/wmmaa.org\/de\/wp-json\/wp\/v2\/posts\/101974\/revisions"}],"wp:featuredmedia":[{"embeddable":true,"href":"https:\/\/wmmaa.org\/de\/wp-json\/wp\/v2\/media\/101962"}],"wp:attachment":[{"href":"https:\/\/wmmaa.org\/de\/wp-json\/wp\/v2\/media?parent=101974"}],"wp:term":[{"taxonomy":"category","embeddable":true,"href":"https:\/\/wmmaa.org\/de\/wp-json\/wp\/v2\/categories?post=101974"},{"taxonomy":"post_tag","embeddable":true,"href":"https:\/\/wmmaa.org\/de\/wp-json\/wp\/v2\/tags?post=101974"}],"curies":[{"name":"wp","href":"https:\/\/api.w.org\/{rel}","templated":true}]}}